{"id":73,"date":"2017-08-18T14:34:47","date_gmt":"2017-08-18T14:34:47","guid":{"rendered":"https:\/\/www.mmprotek.pt\/blog\/?p=73"},"modified":"2018-04-13T10:26:03","modified_gmt":"2018-04-13T10:26:03","slug":"gestao-de-epis","status":"publish","type":"post","link":"https:\/\/www.mmprotek.pt\/blog\/gestao-de-epis\/","title":{"rendered":"Gest\u00e3o de EPI&#8217;s: Solu\u00e7\u00f5es empresariais"},"content":{"rendered":"<p><span style=\"font-family: helvetica, arial, sans-serif; font-size: 12pt;\">A utiliza\u00e7\u00e3o e gest\u00e3o de <a href=\"https:\/\/www.mmprotek.pt\/quem-somos\" target=\"_blank\" rel=\"noopener\">EPI&#8217;s (Equipamentos de Prote\u00e7\u00e3o Individual)<\/a> \u00e9 um fator que merece cada vez mais aten\u00e7\u00e3o por parte de empregados e empregadores. \u00c9 imprescind\u00edvel averiguar as necessidades de seguran\u00e7a de todos os membros das empresas e assegurar todos os m\u00e9todos e meios para as satisfazer.<\/span><\/p>\n<p><span style=\"font-family: helvetica, arial, sans-serif; font-size: 12pt;\"><!--more--><\/span><\/p>\n<p><span style=\"font-family: helvetica, arial, sans-serif; font-size: 12pt;\">As empresas devem garantir que aplicam m\u00e9todos de gest\u00e3o eficiente da seguran\u00e7a no trabalho e que, assim, asseguram a <a href=\"https:\/\/www.mmprotek.pt\/quem-somos\" target=\"_blank\" rel=\"noopener\">prote\u00e7\u00e3o no ambiente laboral<\/a>.<\/span><\/p>\n<p><span style=\"font-family: helvetica, arial, sans-serif; font-size: 12pt;\">Segundo a APSEI (Associa\u00e7\u00e3o Portuguesa de Seguran\u00e7a), os <a href=\"https:\/\/www.mmprotek.pt\" target=\"_blank\" rel=\"noopener\"><strong>EPI&#8217;s<\/strong><\/a> representam a terceira linha de defesa do trabalhador perante o risco de acidente e representam, de acordo com a Diretiva 89\/656\/CEE, \u201cqualquer equipamento destinado a ser usado ou detido pelo trabalhador para sua prote\u00e7\u00e3o contra um ou mais riscos suscet\u00edveis de amea\u00e7ar a sua seguran\u00e7a e sa\u00fade no trabalho, bem como qualquer complemento ou acess\u00f3rio destinado a esse objetivo\u201d.<\/span><\/p>\n<p><span style=\"font-family: helvetica, arial, sans-serif; font-size: 12pt;\">Certamente j\u00e1 se perguntou quando devem ser usados os EPI&#8217;s e como devem ser geridos.<\/span><\/p>\n<p><span style=\"font-family: helvetica, arial, sans-serif; font-size: 12pt;\">Os EPI&#8217;s devem ser utilizados sempre que existam riscos que n\u00e3o podem ser evitados ou suficientemente limitados por medidas, m\u00e9todos ou processos de preven\u00e7\u00e3o e por meios t\u00e9cnicos de prote\u00e7\u00e3o coletiva.<\/span><\/p>\n<p><span style=\"font-family: helvetica, arial, sans-serif; font-size: 12pt;\">Um dos principais aspetos a ter em conta \u00e9 a forma\u00e7\u00e3o que deve ser concedida a todos os trabalhadores com <a href=\"https:\/\/www.mmprotek.pt\/\" target=\"_blank\" rel=\"noopener\">necessidade de utilizar EPI&#8217;s<\/a>. Deve ser explicado, de forma clara, como e quando utilizar os equipamentos adequadamente, quais os equipamentos de seguran\u00e7a a serem usados de acordo com as circunst\u00e2ncias em que est\u00e3o a trabalhar e que tipo de limita\u00e7\u00f5es os EPI&#8217;s que usam possuem.<\/span><\/p>\n<p><span style=\"font-family: helvetica, arial, sans-serif; font-size: 12pt;\">Na Portaria N\u00ba 988\/93, encontramos as diferentes <a href=\"https:\/\/www.mmprotek.pt\/produtos\" target=\"_blank\" rel=\"noopener\">partes do corpo a proteger<\/a> e a forma como s\u00e3o agrupadas:<\/span><\/p>\n<ul>\n<li><span style=\"font-family: helvetica, arial, sans-serif; font-size: 12pt;\">Cabe\u00e7a \u2013 cr\u00e2nio, ouvidos, olhos, vias respirat\u00f3rias, rosto, cabe\u00e7a inteira;<\/span><\/li>\n<li><span style=\"font-family: helvetica, arial, sans-serif; font-size: 12pt;\">Membros Superiores \u2013 m\u00e3o, bra\u00e7o;<\/span><\/li>\n<li><span style=\"font-family: helvetica, arial, sans-serif; font-size: 12pt;\">Membros Inferiores \u2013 p\u00e9, perna;<\/span><\/li>\n<li><span style=\"font-family: helvetica, arial, sans-serif; font-size: 12pt;\">Diversas \u2013 pele, tronco\/ abd\u00f3men, via parent\u00e9rica, corpo inteiro.<\/span><\/li>\n<\/ul>\n<p><span style=\"font-weight: 400;\">De acordo com a Directiva do Concelho de 30 de novembro de 1989 relativa \u00e0s prescri\u00e7\u00f5es m\u00ednimas de seguran\u00e7a e de sa\u00fade para a utiliza\u00e7\u00e3o pelos trabalhadores de equipamentos de protec\u00e7\u00e3o individual no trabalho (terceira directiva especial, na acep\u00e7\u00e3o do n.o 1 do artigo 16.o da Directiva 89\/391\/CEE) (89\/656\/CEE), alterada pela Directiva 2007\/30\/CE do Parlamento Europeu e do Conselho de 20 de Junho de 2007, os riscos com vista \u00e0 utiliza\u00e7\u00e3o de prote\u00e7\u00e3o individual podem ser agrupados da seguinte forma:<\/span><\/p>\n<ul>\n<li style=\"font-weight: 400;\"><span style=\"font-weight: 400;\">F\u00edsicos:<\/span>\n<ul>\n<li style=\"font-weight: 400;\"><span style=\"font-weight: 400;\">Mec\u00e2nicos (quedas de grandes alturas; choques, golpes ou impactos com press\u00f5es vibra\u00e7\u00f5es; escorregadelas ou quedas ao mesmo n\u00edvel)<\/span><\/li>\n<li style=\"font-weight: 400;\"><span style=\"font-weight: 400;\">T\u00e9rmicos &#8211; (calor\/chamas ou frio)<\/span><\/li>\n<li style=\"font-weight: 400;\"><span style=\"font-weight: 400;\">El\u00e9tricos <\/span><\/li>\n<li style=\"font-weight: 400;\"><span style=\"font-weight: 400;\">Radia\u00e7\u00f5es &#8211; (n\u00e3o ionizantes ou ionizantes)<\/span><\/li>\n<li style=\"font-weight: 400;\"><span style=\"font-weight: 400;\">Ru\u00eddo<\/span><\/li>\n<\/ul>\n<\/li>\n<li style=\"font-weight: 400;\"><span style=\"font-weight: 400;\">Qu\u00edmicos<\/span>\n<ul>\n<li style=\"font-weight: 400;\"><span style=\"font-weight: 400;\">Aeross\u00f3is &#8211; (poeiras e fibras; fumos; n\u00e9voas) <\/span><\/li>\n<li style=\"font-weight: 400;\"><span style=\"font-weight: 400;\">L\u00edquidos &#8211; (imers\u00f5es; salpicos ou proje\u00e7\u00f5es) <\/span><\/li>\n<li style=\"font-weight: 400;\"><span style=\"font-weight: 400;\">Gases\/vapores<\/span><\/li>\n<\/ul>\n<\/li>\n<li style=\"font-weight: 400;\"><span style=\"font-weight: 400;\">Biol\u00f3gicos<\/span>\n<ul>\n<li style=\"font-weight: 400;\"><span style=\"font-weight: 400;\">Bact\u00e9rias Patog\u00e9nicas<\/span><\/li>\n<li style=\"font-weight: 400;\"><span style=\"font-weight: 400;\">V\u00edrus Patog\u00e9nicos<\/span><\/li>\n<li style=\"font-weight: 400;\"><span style=\"font-weight: 400;\">Fungos produtores de micoses<\/span><\/li>\n<li style=\"font-weight: 400;\"><span style=\"font-weight: 400;\">Antig\u00e9nicos biol\u00f3gicos n\u00e3o microbianos<\/span><\/li>\n<\/ul>\n<\/li>\n<\/ul>\n<p><span style=\"font-family: helvetica, arial, sans-serif; font-size: 12pt;\">Os EPI&#8217;s s\u00e3o, portanto, um instrumento fundamental para diminuir a sinistralidade, uma vez que com o seu uso potenciais acidentes podem evitados, reduzindo assim o potencial de les\u00e3o do trabalhador.<\/span><\/p>\n<p><img loading=\"lazy\" class=\"alignnone wp-image-104\" src=\"https:\/\/www.mmprotek.pt\/blog\/wp-content\/uploads\/2017\/08\/23_3-300x150.png\" alt=\"\" width=\"1000\" height=\"500\" srcset=\"https:\/\/www.mmprotek.pt\/blog\/wp-content\/uploads\/2017\/08\/23_3-300x150.png 300w, https:\/\/www.mmprotek.pt\/blog\/wp-content\/uploads\/2017\/08\/23_3-768x384.png 768w, https:\/\/www.mmprotek.pt\/blog\/wp-content\/uploads\/2017\/08\/23_3.png 850w\" sizes=\"(max-width: 1000px) 100vw, 1000px\" \/><\/p>\n<p><span style=\"font-family: helvetica, arial, sans-serif; font-size: 12pt;\">Todas as organiza\u00e7\u00f5es que adquiram EPI&#8217;s devem ter em aten\u00e7\u00e3o que estes apresentem as marca\u00e7\u00f5es CE e ainda a informa\u00e7\u00e3o t\u00e9cnica adequada fornecida pelo fabricante. \u00c9 de m\u00e1xima import\u00e2ncia definir os procedimentos internos de planeamento, gest\u00e3o e controlo de distribui\u00e7\u00e3o dos EPI&#8217;s aos trabalhadores.<\/span><\/p>\n<p><span style=\"font-family: helvetica, arial, sans-serif; font-size: 12pt;\">Na <strong><a href=\"https:\/\/www.mmprotek.pt\/\" target=\"_blank\" rel=\"noopener\">M&amp;M Protek<\/a><\/strong> desenvolvemos atividade na \u00e1rea da seguran\u00e7a e higiene no trabalho, sendo a comercializa\u00e7\u00e3o de Equipamentos de Prote\u00e7\u00e3o Individual, Vestu\u00e1rio de Trabalho e Sinaliza\u00e7\u00e3o de Seguran\u00e7a, a parte fundamental da nossa atividade.<\/span><\/p>\n<p><span style=\"font-family: helvetica, arial, sans-serif; font-size: 12pt;\">Venha descobrir os melhores EPI&#8217;s, Vestu\u00e1rio de Trabalho e Sinaliza\u00e7\u00e3o de Seguran\u00e7a. Visite o nosso website: <a href=\"https:\/\/www.mmprotek.pt\/\">www.mmprotek.pt<\/a>\u00a0<\/span><\/p>\n","protected":false},"excerpt":{"rendered":"<p>A utiliza\u00e7\u00e3o e gest\u00e3o de EPI&#8217;s (Equipamentos de Prote\u00e7\u00e3o Individual) \u00e9 um fator que merece cada vez mais aten\u00e7\u00e3o por parte de empregados e empregadores. \u00c9 imprescind\u00edvel averiguar as necessidades de seguran\u00e7a de todos os membros das empresas e assegurar todos os m\u00e9todos e meios para as satisfazer.<\/p>\n","protected":false},"author":1,"featured_media":101,"comment_status":"open","ping_status":"open","sticky":false,"template":"","format":"standard","meta":[],"categories":[1,6,7,8,9,5],"tags":[13,14,11,10,12],"yoast_head":"<!-- This site is optimized with the Yoast SEO plugin v18.4.1 - https:\/\/yoast.com\/wordpress\/plugins\/seo\/ -->\n<title>Gest\u00e3o de EPI&#039;s: Solu\u00e7\u00f5es empresariais - M&amp;M Protek Blog - Tudo sobre Equipamentos Prote\u00e7\u00e3o Individual EPI&#039;s<\/title>\n<meta name=\"description\" content=\"utiliza\u00e7\u00e3o e gest\u00e3o de EPI&#039;s (Equipamentos de Prote\u00e7\u00e3o Individual) \u00e9 um fator que merece cada vez mais aten\u00e7\u00e3o por parte de empregados e empregadores.\" \/>\n<meta name=\"robots\" content=\"index, follow, max-snippet:-1, max-image-preview:large, max-video-preview:-1\" \/>\n<link rel=\"canonical\" href=\"https:\/\/www.mmprotek.pt\/blog\/gestao-de-epis\/\" \/>\n<meta property=\"og:locale\" content=\"pt_PT\" \/>\n<meta property=\"og:type\" content=\"article\" \/>\n<meta property=\"og:title\" content=\"Gest\u00e3o de EPI&#039;s: Solu\u00e7\u00f5es empresariais - M&amp;M Protek Blog - Tudo sobre Equipamentos Prote\u00e7\u00e3o Individual EPI&#039;s\" \/>\n<meta property=\"og:description\" content=\"utiliza\u00e7\u00e3o e gest\u00e3o de EPI&#039;s (Equipamentos de Prote\u00e7\u00e3o Individual) \u00e9 um fator que merece cada vez mais aten\u00e7\u00e3o por parte de empregados e empregadores.\" \/>\n<meta property=\"og:url\" content=\"https:\/\/www.mmprotek.pt\/blog\/gestao-de-epis\/\" \/>\n<meta property=\"og:site_name\" content=\"M&amp;M Protek Blog - Tudo sobre Equipamentos Prote\u00e7\u00e3o Individual EPI&#039;s\" \/>\n<meta property=\"article:publisher\" content=\"https:\/\/www.facebook.com\/mmprotek.protecao\/\" \/>\n<meta property=\"article:published_time\" content=\"2017-08-18T14:34:47+00:00\" \/>\n<meta property=\"article:modified_time\" content=\"2018-04-13T10:26:03+00:00\" \/>\n<meta property=\"og:image\" content=\"https:\/\/www.mmprotek.pt\/blog\/wp-content\/uploads\/2017\/08\/23_2.png\" \/>\n\t<meta property=\"og:image:width\" content=\"850\" \/>\n\t<meta property=\"og:image:height\" content=\"425\" \/>\n\t<meta property=\"og:image:type\" content=\"image\/png\" \/>\n<meta name=\"twitter:card\" content=\"summary\" \/>\n<meta name=\"twitter:label1\" content=\"Escrito por\" \/>\n\t<meta name=\"twitter:data1\" content=\"mmprotek\" \/>\n\t<meta name=\"twitter:label2\" content=\"Tempo estimado de leitura\" \/>\n\t<meta name=\"twitter:data2\" content=\"3 minutos\" \/>\n<script type=\"application\/ld+json\" class=\"yoast-schema-graph\">{\"@context\":\"https:\/\/schema.org\",\"@graph\":[{\"@type\":\"WebSite\",\"@id\":\"https:\/\/www.mmprotek.pt\/blog\/#website\",\"url\":\"https:\/\/www.mmprotek.pt\/blog\/\",\"name\":\"M&amp;M Protek Blog - Tudo sobre Equipamentos Prote\u00e7\u00e3o Individual EPI&#039;s\",\"description\":\"Novidades e dicas sobre as melhores marcas de Equipamentos de Prote\u00e7\u00e3o Individual (EPI&#039;s), Vestu\u00e1rio de Trabalho e Sinaliza\u00e7\u00e3o de Seguran\u00e7a. Visite-nos!\",\"potentialAction\":[{\"@type\":\"SearchAction\",\"target\":{\"@type\":\"EntryPoint\",\"urlTemplate\":\"https:\/\/www.mmprotek.pt\/blog\/?s={search_term_string}\"},\"query-input\":\"required name=search_term_string\"}],\"inLanguage\":\"pt-PT\"},{\"@type\":\"ImageObject\",\"@id\":\"https:\/\/www.mmprotek.pt\/blog\/gestao-de-epis\/#primaryimage\",\"inLanguage\":\"pt-PT\",\"url\":\"https:\/\/www.mmprotek.pt\/blog\/wp-content\/uploads\/2017\/08\/23_2.png\",\"contentUrl\":\"https:\/\/www.mmprotek.pt\/blog\/wp-content\/uploads\/2017\/08\/23_2.png\",\"width\":850,\"height\":425,\"caption\":\"equipamentos antiqueda\"},{\"@type\":\"WebPage\",\"@id\":\"https:\/\/www.mmprotek.pt\/blog\/gestao-de-epis\/#webpage\",\"url\":\"https:\/\/www.mmprotek.pt\/blog\/gestao-de-epis\/\",\"name\":\"Gest\u00e3o de EPI's: Solu\u00e7\u00f5es empresariais - M&amp;M Protek Blog - Tudo sobre Equipamentos Prote\u00e7\u00e3o Individual EPI&#039;s\",\"isPartOf\":{\"@id\":\"https:\/\/www.mmprotek.pt\/blog\/#website\"},\"primaryImageOfPage\":{\"@id\":\"https:\/\/www.mmprotek.pt\/blog\/gestao-de-epis\/#primaryimage\"},\"datePublished\":\"2017-08-18T14:34:47+00:00\",\"dateModified\":\"2018-04-13T10:26:03+00:00\",\"author\":{\"@id\":\"https:\/\/www.mmprotek.pt\/blog\/#\/schema\/person\/15cba973f3659b7ddb105830cfbb832f\"},\"description\":\"utiliza\u00e7\u00e3o e gest\u00e3o de EPI's (Equipamentos de Prote\u00e7\u00e3o Individual) \u00e9 um fator que merece cada vez mais aten\u00e7\u00e3o por parte de empregados e empregadores.\",\"breadcrumb\":{\"@id\":\"https:\/\/www.mmprotek.pt\/blog\/gestao-de-epis\/#breadcrumb\"},\"inLanguage\":\"pt-PT\",\"potentialAction\":[{\"@type\":\"ReadAction\",\"target\":[\"https:\/\/www.mmprotek.pt\/blog\/gestao-de-epis\/\"]}]},{\"@type\":\"BreadcrumbList\",\"@id\":\"https:\/\/www.mmprotek.pt\/blog\/gestao-de-epis\/#breadcrumb\",\"itemListElement\":[{\"@type\":\"ListItem\",\"position\":1,\"name\":\"In\u00edcio\",\"item\":\"https:\/\/www.mmprotek.pt\/blog\/\"},{\"@type\":\"ListItem\",\"position\":2,\"name\":\"Gest\u00e3o de EPI&#8217;s: Solu\u00e7\u00f5es empresariais\"}]},{\"@type\":\"Person\",\"@id\":\"https:\/\/www.mmprotek.pt\/blog\/#\/schema\/person\/15cba973f3659b7ddb105830cfbb832f\",\"name\":\"mmprotek\",\"image\":{\"@type\":\"ImageObject\",\"@id\":\"https:\/\/www.mmprotek.pt\/blog\/#personlogo\",\"inLanguage\":\"pt-PT\",\"url\":\"https:\/\/secure.gravatar.com\/avatar\/0ea10c9ee17a661d0b38b001d6b05406?s=96&d=mm&r=g\",\"contentUrl\":\"https:\/\/secure.gravatar.com\/avatar\/0ea10c9ee17a661d0b38b001d6b05406?s=96&d=mm&r=g\",\"caption\":\"mmprotek\"},\"url\":\"https:\/\/www.mmprotek.pt\/blog\/author\/mmprotek\/\"}]}<\/script>\n<!-- \/ Yoast SEO plugin. -->","yoast_head_json":{"title":"Gest\u00e3o de EPI's: Solu\u00e7\u00f5es empresariais - M&amp;M Protek Blog - Tudo sobre Equipamentos Prote\u00e7\u00e3o Individual EPI&#039;s","description":"utiliza\u00e7\u00e3o e gest\u00e3o de EPI's (Equipamentos de Prote\u00e7\u00e3o Individual) \u00e9 um fator que merece cada vez mais aten\u00e7\u00e3o por parte de empregados e empregadores.","robots":{"index":"index","follow":"follow","max-snippet":"max-snippet:-1","max-image-preview":"max-image-preview:large","max-video-preview":"max-video-preview:-1"},"canonical":"https:\/\/www.mmprotek.pt\/blog\/gestao-de-epis\/","og_locale":"pt_PT","og_type":"article","og_title":"Gest\u00e3o de EPI's: Solu\u00e7\u00f5es empresariais - M&amp;M Protek Blog - Tudo sobre Equipamentos Prote\u00e7\u00e3o Individual EPI&#039;s","og_description":"utiliza\u00e7\u00e3o e gest\u00e3o de EPI's (Equipamentos de Prote\u00e7\u00e3o Individual) \u00e9 um fator que merece cada vez mais aten\u00e7\u00e3o por parte de empregados e empregadores.","og_url":"https:\/\/www.mmprotek.pt\/blog\/gestao-de-epis\/","og_site_name":"M&amp;M Protek Blog - Tudo sobre Equipamentos Prote\u00e7\u00e3o Individual EPI&#039;s","article_publisher":"https:\/\/www.facebook.com\/mmprotek.protecao\/","article_published_time":"2017-08-18T14:34:47+00:00","article_modified_time":"2018-04-13T10:26:03+00:00","og_image":[{"width":850,"height":425,"url":"https:\/\/www.mmprotek.pt\/blog\/wp-content\/uploads\/2017\/08\/23_2.png","type":"image\/png"}],"twitter_card":"summary","twitter_misc":{"Escrito por":"mmprotek","Tempo estimado de leitura":"3 minutos"},"schema":{"@context":"https:\/\/schema.org","@graph":[{"@type":"WebSite","@id":"https:\/\/www.mmprotek.pt\/blog\/#website","url":"https:\/\/www.mmprotek.pt\/blog\/","name":"M&amp;M Protek Blog - Tudo sobre Equipamentos Prote\u00e7\u00e3o Individual EPI&#039;s","description":"Novidades e dicas sobre as melhores marcas de Equipamentos de Prote\u00e7\u00e3o Individual (EPI&#039;s), Vestu\u00e1rio de Trabalho e Sinaliza\u00e7\u00e3o de Seguran\u00e7a. Visite-nos!","potentialAction":[{"@type":"SearchAction","target":{"@type":"EntryPoint","urlTemplate":"https:\/\/www.mmprotek.pt\/blog\/?s={search_term_string}"},"query-input":"required name=search_term_string"}],"inLanguage":"pt-PT"},{"@type":"ImageObject","@id":"https:\/\/www.mmprotek.pt\/blog\/gestao-de-epis\/#primaryimage","inLanguage":"pt-PT","url":"https:\/\/www.mmprotek.pt\/blog\/wp-content\/uploads\/2017\/08\/23_2.png","contentUrl":"https:\/\/www.mmprotek.pt\/blog\/wp-content\/uploads\/2017\/08\/23_2.png","width":850,"height":425,"caption":"equipamentos antiqueda"},{"@type":"WebPage","@id":"https:\/\/www.mmprotek.pt\/blog\/gestao-de-epis\/#webpage","url":"https:\/\/www.mmprotek.pt\/blog\/gestao-de-epis\/","name":"Gest\u00e3o de EPI's: Solu\u00e7\u00f5es empresariais - M&amp;M Protek Blog - Tudo sobre Equipamentos Prote\u00e7\u00e3o Individual EPI&#039;s","isPartOf":{"@id":"https:\/\/www.mmprotek.pt\/blog\/#website"},"primaryImageOfPage":{"@id":"https:\/\/www.mmprotek.pt\/blog\/gestao-de-epis\/#primaryimage"},"datePublished":"2017-08-18T14:34:47+00:00","dateModified":"2018-04-13T10:26:03+00:00","author":{"@id":"https:\/\/www.mmprotek.pt\/blog\/#\/schema\/person\/15cba973f3659b7ddb105830cfbb832f"},"description":"utiliza\u00e7\u00e3o e gest\u00e3o de EPI's (Equipamentos de Prote\u00e7\u00e3o Individual) \u00e9 um fator que merece cada vez mais aten\u00e7\u00e3o por parte de empregados e empregadores.","breadcrumb":{"@id":"https:\/\/www.mmprotek.pt\/blog\/gestao-de-epis\/#breadcrumb"},"inLanguage":"pt-PT","potentialAction":[{"@type":"ReadAction","target":["https:\/\/www.mmprotek.pt\/blog\/gestao-de-epis\/"]}]},{"@type":"BreadcrumbList","@id":"https:\/\/www.mmprotek.pt\/blog\/gestao-de-epis\/#breadcrumb","itemListElement":[{"@type":"ListItem","position":1,"name":"In\u00edcio","item":"https:\/\/www.mmprotek.pt\/blog\/"},{"@type":"ListItem","position":2,"name":"Gest\u00e3o de EPI&#8217;s: Solu\u00e7\u00f5es empresariais"}]},{"@type":"Person","@id":"https:\/\/www.mmprotek.pt\/blog\/#\/schema\/person\/15cba973f3659b7ddb105830cfbb832f","name":"mmprotek","image":{"@type":"ImageObject","@id":"https:\/\/www.mmprotek.pt\/blog\/#personlogo","inLanguage":"pt-PT","url":"https:\/\/secure.gravatar.com\/avatar\/0ea10c9ee17a661d0b38b001d6b05406?s=96&d=mm&r=g","contentUrl":"https:\/\/secure.gravatar.com\/avatar\/0ea10c9ee17a661d0b38b001d6b05406?s=96&d=mm&r=g","caption":"mmprotek"},"url":"https:\/\/www.mmprotek.pt\/blog\/author\/mmprotek\/"}]}},"_links":{"self":[{"href":"https:\/\/www.mmprotek.pt\/blog\/wp-json\/wp\/v2\/posts\/73"}],"collection":[{"href":"https:\/\/www.mmprotek.pt\/blog\/wp-json\/wp\/v2\/posts"}],"about":[{"href":"https:\/\/www.mmprotek.pt\/blog\/wp-json\/wp\/v2\/types\/post"}],"author":[{"embeddable":true,"href":"https:\/\/www.mmprotek.pt\/blog\/wp-json\/wp\/v2\/users\/1"}],"replies":[{"embeddable":true,"href":"https:\/\/www.mmprotek.pt\/blog\/wp-json\/wp\/v2\/comments?post=73"}],"version-history":[{"count":13,"href":"https:\/\/www.mmprotek.pt\/blog\/wp-json\/wp\/v2\/posts\/73\/revisions"}],"predecessor-version":[{"id":475,"href":"https:\/\/www.mmprotek.pt\/blog\/wp-json\/wp\/v2\/posts\/73\/revisions\/475"}],"wp:featuredmedia":[{"embeddable":true,"href":"https:\/\/www.mmprotek.pt\/blog\/wp-json\/wp\/v2\/media\/101"}],"wp:attachment":[{"href":"https:\/\/www.mmprotek.pt\/blog\/wp-json\/wp\/v2\/media?parent=73"}],"wp:term":[{"taxonomy":"category","embeddable":true,"href":"https:\/\/www.mmprotek.pt\/blog\/wp-json\/wp\/v2\/categories?post=73"},{"taxonomy":"post_tag","embeddable":true,"href":"https:\/\/www.mmprotek.pt\/blog\/wp-json\/wp\/v2\/tags?post=73"}],"curies":[{"name":"wp","href":"https:\/\/api.w.org\/{rel}","templated":true}]}}