{"id":478,"date":"2019-03-08T10:30:20","date_gmt":"2019-03-08T10:30:20","guid":{"rendered":"https:\/\/www.mmprotek.pt\/blog\/?p=478"},"modified":"2020-10-30T14:56:49","modified_gmt":"2020-10-30T14:56:49","slug":"dicas-escolher-as-fardas-trabalho-equipa","status":"publish","type":"post","link":"https:\/\/www.mmprotek.pt\/blog\/dicas-escolher-as-fardas-trabalho-equipa\/","title":{"rendered":"Dicas para escolher as Fardas de Trabalho para a sua equipa"},"content":{"rendered":"<p><span style=\"font-weight: 400;\">O uso de <strong>uniformes<\/strong> e <strong>fardas de trabalho<\/strong> \u00e9, para muitas empresas, um tema que levanta algumas quest\u00f5es. As fardas de trabalho devem responder \u00e0s preocupa\u00e7\u00f5es relacionadas com a <strong>seguran\u00e7a e higiene do trabalho<\/strong>, mas h\u00e1 outros fatores que devem ter sidos em conta na escolha da farda ideal para a sua equipa. <\/span><\/p>\n<p>Conhe\u00e7a a\u00a0import\u00e2ncia das <strong><a href=\"https:\/\/www.mmprotek.pt\/loja-online-vestuario-de-protecao?utm_source=blog&amp;utm_medium=artigo&amp;utm_campaign=fardas_de_trabalho\" target=\"_blank\" rel=\"noopener\">fardas de trabalho<\/a><\/strong>\u00a0e saiba como escolher os uniformes\u00a0 mais apropriados para as tarefas dos seus trabalhadores.<\/p>\n<p><!--more--><\/p>\n<h2>As fun\u00e7\u00f5es das <a href=\"https:\/\/www.mmprotek.pt\/loja-online-vestuario-de-trabalho-e-uniformes?utm_source=blog&amp;utm_medium=artigo&amp;utm_campaign=fardas_de_trabalho\">fardas de trabalho<\/a> para a sua equipa<\/h2>\n<p style=\"text-align: justify;\"><span style=\"font-weight: 400;\">Os uniformes e as <a href=\"https:\/\/www.mmprotek.pt\/loja-online-vestuario-de-trabalho-e-uniformes?utm_source=blog&amp;utm_medium=artigo&amp;utm_campaign=fardas_de_trabalho\"><strong>fardas de trabalho<\/strong><\/a> t\u00eam como finalidade \u00faltima a <strong>seguran\u00e7a e a higiene dos trabalhadores<\/strong> no seu local de trabalho. No entanto, ser\u00e1 esta a sua \u00fanica fun\u00e7\u00e3o?<\/span><\/p>\n<figure id=\"attachment_151\" aria-describedby=\"caption-attachment-151\" style=\"width: 800px\" class=\"wp-caption aligncenter\"><a href=\"https:\/\/www.mmprotek.pt\/loja-online-vestuario-de-protecao\" target=\"_blank\" rel=\"noopener\"><img loading=\"lazy\" class=\"wp-image-151\" title=\"Fardas de Trabalho\" src=\"https:\/\/www.mmprotek.pt\/blog\/wp-content\/uploads\/2017\/09\/404-e1505123898892.jpg\" alt=\"Fardas de Trabalho\" width=\"800\" height=\"417\" srcset=\"https:\/\/www.mmprotek.pt\/blog\/wp-content\/uploads\/2017\/09\/404-e1505123898892.jpg 1150w, https:\/\/www.mmprotek.pt\/blog\/wp-content\/uploads\/2017\/09\/404-e1505123898892-300x157.jpg 300w, https:\/\/www.mmprotek.pt\/blog\/wp-content\/uploads\/2017\/09\/404-e1505123898892-768x401.jpg 768w, https:\/\/www.mmprotek.pt\/blog\/wp-content\/uploads\/2017\/09\/404-e1505123898892-1024x534.jpg 1024w\" sizes=\"(max-width: 800px) 100vw, 800px\" \/><\/a><figcaption id=\"caption-attachment-151\" class=\"wp-caption-text\">Fardas de Trabalho<\/figcaption><\/figure>\n<p style=\"text-align: justify;\"><span style=\"font-weight: 400;\"><strong>N\u00e3o.<\/strong> As fardas de trabalho s\u00e3o mais que um equipamento de prote\u00e7\u00e3o e t\u00eam v\u00e1rias fun\u00e7\u00f5es. Das mais importantes, destacam-se as seguintes:<\/span><\/p>\n<ul style=\"text-align: justify;\">\n<li style=\"font-weight: 400;\"><span style=\"font-weight: 400;\">A correta identifica\u00e7\u00e3o dos funcion\u00e1rios;<\/span><\/li>\n<li style=\"font-weight: 400;\"><span style=\"font-weight: 400;\">A cria\u00e7\u00e3o de um ambiente de coes\u00e3o e perten\u00e7a entre os elementos da equipa;<\/span><\/li>\n<li style=\"font-weight: 400;\"><span style=\"font-weight: 400;\">O estabelecimento de um la\u00e7o de compromisso entre a equipa de trabalho e a empresa;<\/span><\/li>\n<li style=\"font-weight: 400;\"><span style=\"font-weight: 400;\">Um melhor desempenho e brio profissional dos trabalhadores pela execu\u00e7\u00e3o das suas tarefas;<\/span><\/li>\n<li style=\"font-weight: 400;\"><span style=\"font-weight: 400;\">A transmiss\u00e3o do profissionalismo dos trabalhadores perante os colegas e\/ou p\u00fablico em geral.<\/span><\/li>\n<\/ul>\n<h2 style=\"text-align: justify;\"><strong>Que quest\u00f5es deve fazer ao escolher uma farda de trabalho?\u00a0<\/strong><\/h2>\n<p style=\"text-align: justify;\"><span style=\"font-weight: 400;\">J\u00e1 est\u00e1 convencido das vantagens de adotar um fardamento de trabalho para a sua empresa. Mas <strong>como escolher, efetivamente, a farda de trabalho ideal para as fun\u00e7\u00f5es desempenhadas pelos seus colaboradores?\u00a0<\/strong><\/span><\/p>\n<p style=\"text-align: justify;\"><span style=\"font-weight: 400;\">Bem, antes de tudo \u00e9 necess\u00e1rio que responda algumas quest\u00f5es que o v\u00e3o funcionar como uma esp\u00e9cie de guia para completar esta tarefa com sucesso. S\u00e3o elas:<\/span><\/p>\n<ul>\n<li style=\"font-weight: 400;\"><span style=\"font-weight: 400;\">Quais s\u00e3o os elementos que v\u00e3o usar a farda de trabalho e que tarefas v\u00e3o desempenhar?<\/span><\/li>\n<li style=\"font-weight: 400;\"><span style=\"font-weight: 400;\">Quais as principais necessidades que o uso da farda de trabalho vai satisfazer: seguran\u00e7a, higiene, identifica\u00e7\u00e3o, portabilidade de objetos?<\/span><\/li>\n<li style=\"font-weight: 400;\"><span style=\"font-weight: 400;\">A legisla\u00e7\u00e3o relativa \u00e0 seguran\u00e7a e higiene no trabalho tem influ\u00eancia nas caracter\u00edsticas que o uniforme da sua equipa deve ter?<\/span><\/li>\n<\/ul>\n<h2>Vestu\u00e1rio de trabalho <strong>\u2014 para cada necessidade, uma solu\u00e7\u00e3o!<\/strong><\/h2>\n<p style=\"text-align: justify;\"><span style=\"font-weight: 400;\">Atualmente, h\u00e1 imensas op\u00e7\u00f5s de vestu\u00e1rio e in\u00fameros <strong><a href=\"https:\/\/www.mmprotek.pt\/loja-online-vestuario-de-protecao?utm_source=blog&amp;utm_medium=artigo&amp;utm_campaign=fardas_de_trabalho\">equipamentos de prote\u00e7\u00e3o<\/a><\/strong> no mercado que os trabalhadores utilizam como farda de trabalho. S\u00e3o eles:<\/span><\/p>\n<h3>Equipamentos de prote\u00e7\u00e3o de alta visibilidade<\/h3>\n<figure id=\"attachment_701\" aria-describedby=\"caption-attachment-701\" style=\"width: 464px\" class=\"wp-caption aligncenter\"><a href=\"https:\/\/www.mmprotek.pt\/loja-online-vestuario-de-protecao-portwest-sweat-shirt-de-alta-visibilidade?utm_source=blog&amp;utm_medium=artigo&amp;utm_campaign=fardas_de_trabalho\" target=\"_blank\" rel=\"noopener\"><img loading=\"lazy\" class=\"wp-image-701 size-full\" title=\"Fardas de trabalho para alta-visibilidade\" src=\"https:\/\/www.mmprotek.pt\/blog\/wp-content\/uploads\/2018\/04\/Fardas-de-trabalho-para-alta-visibilidade.png\" alt=\"Fardas de trabalho para alta-visibilidade\" width=\"464\" height=\"340\" srcset=\"https:\/\/www.mmprotek.pt\/blog\/wp-content\/uploads\/2018\/04\/Fardas-de-trabalho-para-alta-visibilidade.png 464w, https:\/\/www.mmprotek.pt\/blog\/wp-content\/uploads\/2018\/04\/Fardas-de-trabalho-para-alta-visibilidade-300x220.png 300w\" sizes=\"(max-width: 464px) 100vw, 464px\" \/><\/a><figcaption id=\"caption-attachment-701\" class=\"wp-caption-text\"><a href=\"https:\/\/www.mmprotek.pt\/loja-online-vestuario-de-protecao-portwest-sweat-shirt-de-alta-visibilidade\" target=\"_blank\" rel=\"noopener\">Sweat-Shirt de alta visibilidade<\/a><\/figcaption><\/figure>\n<h3>Equipamentos de prote\u00e7\u00e3o para temperaturas negativas<\/h3>\n<figure id=\"attachment_702\" aria-describedby=\"caption-attachment-702\" style=\"width: 411px\" class=\"wp-caption aligncenter\"><a href=\"https:\/\/www.mmprotek.pt\/loja-online-vestuario-de-protecao-portwest-fato-macaco-de-inverno?utm_source=blog&amp;utm_medium=artigo&amp;utm_campaign=fardas_de_trabalho\" target=\"_blank\" rel=\"noopener\"><img loading=\"lazy\" class=\"wp-image-702 size-full\" title=\"Fardas de trabalho para temperaturas negativas\" src=\"https:\/\/www.mmprotek.pt\/blog\/wp-content\/uploads\/2018\/04\/Fardas-de-trabalho-para-temperaturas-negativas.png\" alt=\"Fardas de trabalho para temperaturas negativas\" width=\"411\" height=\"409\" srcset=\"https:\/\/www.mmprotek.pt\/blog\/wp-content\/uploads\/2018\/04\/Fardas-de-trabalho-para-temperaturas-negativas.png 411w, https:\/\/www.mmprotek.pt\/blog\/wp-content\/uploads\/2018\/04\/Fardas-de-trabalho-para-temperaturas-negativas-150x150.png 150w, https:\/\/www.mmprotek.pt\/blog\/wp-content\/uploads\/2018\/04\/Fardas-de-trabalho-para-temperaturas-negativas-300x300.png 300w\" sizes=\"(max-width: 411px) 100vw, 411px\" \/><\/a><figcaption id=\"caption-attachment-702\" class=\"wp-caption-text\"><a href=\"https:\/\/www.mmprotek.pt\/loja-online-vestuario-de-protecao-portwest-fato-macaco-de-inverno\" target=\"_blank\" rel=\"noopener\">Fato Macaco de Inverno<\/a><\/figcaption><\/figure>\n<h3>Equipamentos de prote\u00e7\u00e3o contra chuva e frio<\/h3>\n<figure id=\"attachment_703\" aria-describedby=\"caption-attachment-703\" style=\"width: 407px\" class=\"wp-caption aligncenter\"><a href=\"https:\/\/www.mmprotek.pt\/loja-online-vestuario-de-protecao-portwest-parka-de-trafego-contrast?utm_source=blog&amp;utm_medium=artigo&amp;utm_campaign=fardas_de_trabalho\" target=\"_blank\" rel=\"noopener\"><img loading=\"lazy\" class=\"wp-image-703 size-full\" title=\"Fardas de trabalho de prote\u00e7\u00e3o chuva e frio\" src=\"https:\/\/www.mmprotek.pt\/blog\/wp-content\/uploads\/2018\/04\/Fardas-de-trabalho-de-prote\u00e7\u00e3o-chuva-e-frio.png\" alt=\"Fardas de trabalho de prote\u00e7\u00e3o chuva e frio\" width=\"407\" height=\"408\" srcset=\"https:\/\/www.mmprotek.pt\/blog\/wp-content\/uploads\/2018\/04\/Fardas-de-trabalho-de-prote\u00e7\u00e3o-chuva-e-frio.png 407w, https:\/\/www.mmprotek.pt\/blog\/wp-content\/uploads\/2018\/04\/Fardas-de-trabalho-de-prote\u00e7\u00e3o-chuva-e-frio-150x150.png 150w, https:\/\/www.mmprotek.pt\/blog\/wp-content\/uploads\/2018\/04\/Fardas-de-trabalho-de-prote\u00e7\u00e3o-chuva-e-frio-300x300.png 300w\" sizes=\"(max-width: 407px) 100vw, 407px\" \/><\/a><figcaption id=\"caption-attachment-703\" class=\"wp-caption-text\"><a href=\"https:\/\/www.mmprotek.pt\/loja-online-vestuario-de-protecao-portwest-parka-de-trafego-contrast\" target=\"_blank\" rel=\"noopener\">Parka de tr\u00e1fego Contrast<\/a><\/figcaption><\/figure>\n<h3>Equipamentos de prote\u00e7\u00e3o ao fogo<\/h3>\n<figure id=\"attachment_704\" aria-describedby=\"caption-attachment-704\" style=\"width: 407px\" class=\"wp-caption aligncenter\"><a href=\"https:\/\/www.mmprotek.pt\/loja-online-vestuario-de-protecao-outras-marcas-casaco-bombeiro-nomex-viscose?utm_source=blog&amp;utm_medium=artigo&amp;utm_campaign=fardas_de_trabalho\" target=\"_blank\" rel=\"noopener\"><img loading=\"lazy\" class=\"wp-image-704 size-full\" title=\"Fardas de trabalho de prote\u00e7\u00e3o ao fogo\" src=\"https:\/\/www.mmprotek.pt\/blog\/wp-content\/uploads\/2018\/04\/Fardas-de-trabalho-de-prote\u00e7\u00e3o-ao-fogo.png\" alt=\"Fardas de trabalho de prote\u00e7\u00e3o ao fogo\" width=\"407\" height=\"422\" srcset=\"https:\/\/www.mmprotek.pt\/blog\/wp-content\/uploads\/2018\/04\/Fardas-de-trabalho-de-prote\u00e7\u00e3o-ao-fogo.png 407w, https:\/\/www.mmprotek.pt\/blog\/wp-content\/uploads\/2018\/04\/Fardas-de-trabalho-de-prote\u00e7\u00e3o-ao-fogo-289x300.png 289w\" sizes=\"(max-width: 407px) 100vw, 407px\" \/><\/a><figcaption id=\"caption-attachment-704\" class=\"wp-caption-text\"><a href=\"https:\/\/www.mmprotek.pt\/loja-online-vestuario-de-protecao-outras-marcas-casaco-bombeiro-nomex-viscose\" target=\"_blank\" rel=\"noopener\">Casaco Bombeiro &#8211; Nomex\/Viscose<\/a><\/figcaption><\/figure>\n<h3>Equipamentos de prote\u00e7\u00e3o de motosserrista<\/h3>\n<figure id=\"attachment_705\" aria-describedby=\"caption-attachment-705\" style=\"width: 399px\" class=\"wp-caption aligncenter\"><a href=\"https:\/\/www.mmprotek.pt\/loja-online-vestuario-de-protecao-outras-marcas-casaco-bombeiro-nomex-viscose?utm_source=blog&amp;utm_medium=artigo&amp;utm_campaign=fardas_de_trabalho\" target=\"_blank\" rel=\"noopener\"><img loading=\"lazy\" class=\"wp-image-705 size-full\" title=\"Fardas de trabalho de motosserrista\" src=\"https:\/\/www.mmprotek.pt\/blog\/wp-content\/uploads\/2018\/04\/Fardas-de-trabalho-de-motosserrista.png\" alt=\"Fardas de trabalho de motosserrista\" width=\"399\" height=\"400\" srcset=\"https:\/\/www.mmprotek.pt\/blog\/wp-content\/uploads\/2018\/04\/Fardas-de-trabalho-de-motosserrista.png 399w, https:\/\/www.mmprotek.pt\/blog\/wp-content\/uploads\/2018\/04\/Fardas-de-trabalho-de-motosserrista-150x150.png 150w, https:\/\/www.mmprotek.pt\/blog\/wp-content\/uploads\/2018\/04\/Fardas-de-trabalho-de-motosserrista-300x300.png 300w\" sizes=\"(max-width: 399px) 100vw, 399px\" \/><\/a><figcaption id=\"caption-attachment-705\" class=\"wp-caption-text\"><a href=\"https:\/\/www.mmprotek.pt\/loja-online-vestuario-de-protecao-portwest-jardineira-para-motosserristas-classe-1\" target=\"_blank\" rel=\"noopener\">Jardineira para motosserristas classe 1<\/a><\/figcaption><\/figure>\n<p style=\"text-align: justify;\"><span style=\"font-weight: 400;\">Lembre-se de adquirir apenas os artigos que fazem sentido para os seus colaboradores e para as suas fun\u00e7\u00f5es.<\/span><\/p>\n<p style=\"text-align: justify;\"><span style=\"font-weight: 400;\">Para al\u00e9m destes equipamentos, poder\u00e1 <strong>complementar o fardamento de trabalho da sua equipa com vestu\u00e1rio adequado \u00e0 \u00e9poca do ano<\/strong>. Por exemplo, no inverno pode refor\u00e7ar a farda de trabalho com um <a href=\"https:\/\/www.mmprotek.pt\/loja-online-vestuario-de-trabalho-e-uniformes-th-clothes-casaco-polar-c-fecho?utm_source=blog&amp;utm_medium=artigo&amp;utm_campaign=fardas_de_trabalho\">casaco polar<\/a>, com uma <a href=\"https:\/\/www.mmprotek.pt\/loja-online-vestuario-de-trabalho-e-uniformes-portwest-sweat-roma?utm_source=blog&amp;utm_medium=artigo&amp;utm_campaign=fardas_de_trabalho\">sweat<\/a> bem quente ou com <a href=\"https:\/\/www.mmprotek.pt\/calcado-de-seguranca-protecao?utm_source=blog&amp;utm_medium=artigo&amp;utm_campaign=fardas_de_trabalho\">cal\u00e7ado imperme\u00e1vel<\/a>. No ver\u00e3o, substitua estas pe\u00e7as por <a href=\"https:\/\/www.mmprotek.pt\/loja-online-vestuario-de-trabalho-e-uniformes-sol-s--t-shirt-150-gr-m2-branca?utm_source=blog&amp;utm_medium=artigo&amp;utm_campaign=fardas_de_trabalho\">t-shirts<\/a> respir\u00e1veis e <a href=\"https:\/\/www.mmprotek.pt\/loja-online-vestuario-de-trabalho-e-uniformes-portwest-calcoes-action?utm_source=blog&amp;utm_medium=artigo&amp;utm_campaign=fardas_de_trabalho\">cal\u00e7\u00f5es<\/a>.\u00a0<\/span><\/p>\n<p style=\"text-align: justify;\">J\u00e1 identificou os equipamentos de prote\u00e7\u00e3o e as <strong><a href=\"https:\/\/www.mmprotek.pt\/loja-online-vestuario-de-protecao\" target=\"_blank\" rel=\"noopener\">fardas de trabalho<\/a><\/strong> para a sua equipa? Pode tamb\u00e9m contar com a nossa equipa para o ajudar nesta tarefa, contacte a M&amp;M Protek onde pode encontrar todo tipo de Equipamentos de Prote\u00e7\u00e3o Individual (EPI\u2019s) e vestu\u00e1rio de trabalho.<\/p>\n<p style=\"text-align: justify;\">Visite o nosso website em <a href=\"http:\/\/www.mmprotek.pt\" target=\"_blank\" rel=\"noopener\">www.mmprotek.pt<\/a> e fa\u00e7a j\u00e1 a sua encomenda.<\/p>\n","protected":false},"excerpt":{"rendered":"<p>O uso de uniformes e fardas de trabalho \u00e9, para muitas empresas, um tema que levanta algumas quest\u00f5es. As fardas de trabalho devem responder \u00e0s preocupa\u00e7\u00f5es relacionadas com a seguran\u00e7a e higiene do trabalho, mas h\u00e1 outros fatores que devem ter sidos em conta na escolha da farda ideal para a sua equipa. Conhe\u00e7a a\u00a0import\u00e2ncia&hellip;<\/p>\n","protected":false},"author":1,"featured_media":480,"comment_status":"closed","ping_status":"closed","sticky":false,"template":"","format":"standard","meta":[],"categories":[5],"tags":[74,75,20],"yoast_head":"<!-- This site is optimized with the Yoast SEO plugin v18.4.1 - https:\/\/yoast.com\/wordpress\/plugins\/seo\/ -->\n<title>Dicas para escolher as Fardas de Trabalho para a sua equipa<\/title>\n<meta name=\"description\" content=\"Conhe\u00e7a a import\u00e2ncia das fardas de trabalho e saiba como escolher o vestu\u00e1rio ideal para as fun\u00e7\u00f5es da empresa. Temos v\u00e1rias dicas que o v\u00e3o ajudar.\" \/>\n<meta name=\"robots\" content=\"index, follow, max-snippet:-1, max-image-preview:large, max-video-preview:-1\" \/>\n<link rel=\"canonical\" href=\"https:\/\/www.mmprotek.pt\/blog\/dicas-escolher-as-fardas-trabalho-equipa\/\" \/>\n<meta property=\"og:locale\" content=\"pt_PT\" \/>\n<meta property=\"og:type\" content=\"article\" \/>\n<meta property=\"og:title\" content=\"Dicas para escolher as Fardas de Trabalho para a sua equipa\" \/>\n<meta property=\"og:description\" content=\"Conhe\u00e7a a import\u00e2ncia das fardas de trabalho e saiba como escolher o vestu\u00e1rio ideal para as fun\u00e7\u00f5es da empresa. Temos v\u00e1rias dicas que o v\u00e3o ajudar.\" \/>\n<meta property=\"og:url\" content=\"https:\/\/www.mmprotek.pt\/blog\/dicas-escolher-as-fardas-trabalho-equipa\/\" \/>\n<meta property=\"og:site_name\" content=\"M&amp;M Protek Blog - Tudo sobre Equipamentos Prote\u00e7\u00e3o Individual EPI&#039;s\" \/>\n<meta property=\"article:publisher\" content=\"https:\/\/www.facebook.com\/mmprotek.protecao\/\" \/>\n<meta property=\"article:published_time\" content=\"2019-03-08T10:30:20+00:00\" \/>\n<meta property=\"article:modified_time\" content=\"2020-10-30T14:56:49+00:00\" \/>\n<meta property=\"og:image\" content=\"https:\/\/www.mmprotek.pt\/blog\/wp-content\/uploads\/2018\/04\/Design-sem-nome-8.png\" \/>\n\t<meta property=\"og:image:width\" content=\"850\" \/>\n\t<meta property=\"og:image:height\" content=\"452\" \/>\n\t<meta property=\"og:image:type\" content=\"image\/png\" \/>\n<meta name=\"twitter:card\" content=\"summary\" \/>\n<meta name=\"twitter:label1\" content=\"Escrito por\" \/>\n\t<meta name=\"twitter:data1\" content=\"mmprotek\" \/>\n\t<meta name=\"twitter:label2\" content=\"Tempo estimado de leitura\" \/>\n\t<meta name=\"twitter:data2\" content=\"3 minutos\" \/>\n<script type=\"application\/ld+json\" class=\"yoast-schema-graph\">{\"@context\":\"https:\/\/schema.org\",\"@graph\":[{\"@type\":\"WebSite\",\"@id\":\"https:\/\/www.mmprotek.pt\/blog\/#website\",\"url\":\"https:\/\/www.mmprotek.pt\/blog\/\",\"name\":\"M&amp;M Protek Blog - Tudo sobre Equipamentos Prote\u00e7\u00e3o Individual EPI&#039;s\",\"description\":\"Novidades e dicas sobre as melhores marcas de Equipamentos de Prote\u00e7\u00e3o Individual (EPI&#039;s), Vestu\u00e1rio de Trabalho e Sinaliza\u00e7\u00e3o de Seguran\u00e7a. Visite-nos!\",\"potentialAction\":[{\"@type\":\"SearchAction\",\"target\":{\"@type\":\"EntryPoint\",\"urlTemplate\":\"https:\/\/www.mmprotek.pt\/blog\/?s={search_term_string}\"},\"query-input\":\"required name=search_term_string\"}],\"inLanguage\":\"pt-PT\"},{\"@type\":\"ImageObject\",\"@id\":\"https:\/\/www.mmprotek.pt\/blog\/dicas-escolher-as-fardas-trabalho-equipa\/#primaryimage\",\"inLanguage\":\"pt-PT\",\"url\":\"https:\/\/www.mmprotek.pt\/blog\/wp-content\/uploads\/2018\/04\/Design-sem-nome-8.png\",\"contentUrl\":\"https:\/\/www.mmprotek.pt\/blog\/wp-content\/uploads\/2018\/04\/Design-sem-nome-8.png\",\"width\":850,\"height\":452,\"caption\":\"Fardas de Trabalho\"},{\"@type\":\"WebPage\",\"@id\":\"https:\/\/www.mmprotek.pt\/blog\/dicas-escolher-as-fardas-trabalho-equipa\/#webpage\",\"url\":\"https:\/\/www.mmprotek.pt\/blog\/dicas-escolher-as-fardas-trabalho-equipa\/\",\"name\":\"Dicas para escolher as Fardas de Trabalho para a sua equipa\",\"isPartOf\":{\"@id\":\"https:\/\/www.mmprotek.pt\/blog\/#website\"},\"primaryImageOfPage\":{\"@id\":\"https:\/\/www.mmprotek.pt\/blog\/dicas-escolher-as-fardas-trabalho-equipa\/#primaryimage\"},\"datePublished\":\"2019-03-08T10:30:20+00:00\",\"dateModified\":\"2020-10-30T14:56:49+00:00\",\"author\":{\"@id\":\"https:\/\/www.mmprotek.pt\/blog\/#\/schema\/person\/15cba973f3659b7ddb105830cfbb832f\"},\"description\":\"Conhe\u00e7a a import\u00e2ncia das fardas de trabalho e saiba como escolher o vestu\u00e1rio ideal para as fun\u00e7\u00f5es da empresa. Temos v\u00e1rias dicas que o v\u00e3o ajudar.\",\"breadcrumb\":{\"@id\":\"https:\/\/www.mmprotek.pt\/blog\/dicas-escolher-as-fardas-trabalho-equipa\/#breadcrumb\"},\"inLanguage\":\"pt-PT\",\"potentialAction\":[{\"@type\":\"ReadAction\",\"target\":[\"https:\/\/www.mmprotek.pt\/blog\/dicas-escolher-as-fardas-trabalho-equipa\/\"]}]},{\"@type\":\"BreadcrumbList\",\"@id\":\"https:\/\/www.mmprotek.pt\/blog\/dicas-escolher-as-fardas-trabalho-equipa\/#breadcrumb\",\"itemListElement\":[{\"@type\":\"ListItem\",\"position\":1,\"name\":\"In\u00edcio\",\"item\":\"https:\/\/www.mmprotek.pt\/blog\/\"},{\"@type\":\"ListItem\",\"position\":2,\"name\":\"Dicas para escolher as Fardas de Trabalho para a sua equipa\"}]},{\"@type\":\"Person\",\"@id\":\"https:\/\/www.mmprotek.pt\/blog\/#\/schema\/person\/15cba973f3659b7ddb105830cfbb832f\",\"name\":\"mmprotek\",\"image\":{\"@type\":\"ImageObject\",\"@id\":\"https:\/\/www.mmprotek.pt\/blog\/#personlogo\",\"inLanguage\":\"pt-PT\",\"url\":\"https:\/\/secure.gravatar.com\/avatar\/0ea10c9ee17a661d0b38b001d6b05406?s=96&d=mm&r=g\",\"contentUrl\":\"https:\/\/secure.gravatar.com\/avatar\/0ea10c9ee17a661d0b38b001d6b05406?s=96&d=mm&r=g\",\"caption\":\"mmprotek\"},\"url\":\"https:\/\/www.mmprotek.pt\/blog\/author\/mmprotek\/\"}]}<\/script>\n<!-- \/ Yoast SEO plugin. -->","yoast_head_json":{"title":"Dicas para escolher as Fardas de Trabalho para a sua equipa","description":"Conhe\u00e7a a import\u00e2ncia das fardas de trabalho e saiba como escolher o vestu\u00e1rio ideal para as fun\u00e7\u00f5es da empresa. Temos v\u00e1rias dicas que o v\u00e3o ajudar.","robots":{"index":"index","follow":"follow","max-snippet":"max-snippet:-1","max-image-preview":"max-image-preview:large","max-video-preview":"max-video-preview:-1"},"canonical":"https:\/\/www.mmprotek.pt\/blog\/dicas-escolher-as-fardas-trabalho-equipa\/","og_locale":"pt_PT","og_type":"article","og_title":"Dicas para escolher as Fardas de Trabalho para a sua equipa","og_description":"Conhe\u00e7a a import\u00e2ncia das fardas de trabalho e saiba como escolher o vestu\u00e1rio ideal para as fun\u00e7\u00f5es da empresa. Temos v\u00e1rias dicas que o v\u00e3o ajudar.","og_url":"https:\/\/www.mmprotek.pt\/blog\/dicas-escolher-as-fardas-trabalho-equipa\/","og_site_name":"M&amp;M Protek Blog - Tudo sobre Equipamentos Prote\u00e7\u00e3o Individual EPI&#039;s","article_publisher":"https:\/\/www.facebook.com\/mmprotek.protecao\/","article_published_time":"2019-03-08T10:30:20+00:00","article_modified_time":"2020-10-30T14:56:49+00:00","og_image":[{"width":850,"height":452,"url":"https:\/\/www.mmprotek.pt\/blog\/wp-content\/uploads\/2018\/04\/Design-sem-nome-8.png","type":"image\/png"}],"twitter_card":"summary","twitter_misc":{"Escrito por":"mmprotek","Tempo estimado de leitura":"3 minutos"},"schema":{"@context":"https:\/\/schema.org","@graph":[{"@type":"WebSite","@id":"https:\/\/www.mmprotek.pt\/blog\/#website","url":"https:\/\/www.mmprotek.pt\/blog\/","name":"M&amp;M Protek Blog - Tudo sobre Equipamentos Prote\u00e7\u00e3o Individual EPI&#039;s","description":"Novidades e dicas sobre as melhores marcas de Equipamentos de Prote\u00e7\u00e3o Individual (EPI&#039;s), Vestu\u00e1rio de Trabalho e Sinaliza\u00e7\u00e3o de Seguran\u00e7a. Visite-nos!","potentialAction":[{"@type":"SearchAction","target":{"@type":"EntryPoint","urlTemplate":"https:\/\/www.mmprotek.pt\/blog\/?s={search_term_string}"},"query-input":"required name=search_term_string"}],"inLanguage":"pt-PT"},{"@type":"ImageObject","@id":"https:\/\/www.mmprotek.pt\/blog\/dicas-escolher-as-fardas-trabalho-equipa\/#primaryimage","inLanguage":"pt-PT","url":"https:\/\/www.mmprotek.pt\/blog\/wp-content\/uploads\/2018\/04\/Design-sem-nome-8.png","contentUrl":"https:\/\/www.mmprotek.pt\/blog\/wp-content\/uploads\/2018\/04\/Design-sem-nome-8.png","width":850,"height":452,"caption":"Fardas de Trabalho"},{"@type":"WebPage","@id":"https:\/\/www.mmprotek.pt\/blog\/dicas-escolher-as-fardas-trabalho-equipa\/#webpage","url":"https:\/\/www.mmprotek.pt\/blog\/dicas-escolher-as-fardas-trabalho-equipa\/","name":"Dicas para escolher as Fardas de Trabalho para a sua equipa","isPartOf":{"@id":"https:\/\/www.mmprotek.pt\/blog\/#website"},"primaryImageOfPage":{"@id":"https:\/\/www.mmprotek.pt\/blog\/dicas-escolher-as-fardas-trabalho-equipa\/#primaryimage"},"datePublished":"2019-03-08T10:30:20+00:00","dateModified":"2020-10-30T14:56:49+00:00","author":{"@id":"https:\/\/www.mmprotek.pt\/blog\/#\/schema\/person\/15cba973f3659b7ddb105830cfbb832f"},"description":"Conhe\u00e7a a import\u00e2ncia das fardas de trabalho e saiba como escolher o vestu\u00e1rio ideal para as fun\u00e7\u00f5es da empresa. Temos v\u00e1rias dicas que o v\u00e3o ajudar.","breadcrumb":{"@id":"https:\/\/www.mmprotek.pt\/blog\/dicas-escolher-as-fardas-trabalho-equipa\/#breadcrumb"},"inLanguage":"pt-PT","potentialAction":[{"@type":"ReadAction","target":["https:\/\/www.mmprotek.pt\/blog\/dicas-escolher-as-fardas-trabalho-equipa\/"]}]},{"@type":"BreadcrumbList","@id":"https:\/\/www.mmprotek.pt\/blog\/dicas-escolher-as-fardas-trabalho-equipa\/#breadcrumb","itemListElement":[{"@type":"ListItem","position":1,"name":"In\u00edcio","item":"https:\/\/www.mmprotek.pt\/blog\/"},{"@type":"ListItem","position":2,"name":"Dicas para escolher as Fardas de Trabalho para a sua equipa"}]},{"@type":"Person","@id":"https:\/\/www.mmprotek.pt\/blog\/#\/schema\/person\/15cba973f3659b7ddb105830cfbb832f","name":"mmprotek","image":{"@type":"ImageObject","@id":"https:\/\/www.mmprotek.pt\/blog\/#personlogo","inLanguage":"pt-PT","url":"https:\/\/secure.gravatar.com\/avatar\/0ea10c9ee17a661d0b38b001d6b05406?s=96&d=mm&r=g","contentUrl":"https:\/\/secure.gravatar.com\/avatar\/0ea10c9ee17a661d0b38b001d6b05406?s=96&d=mm&r=g","caption":"mmprotek"},"url":"https:\/\/www.mmprotek.pt\/blog\/author\/mmprotek\/"}]}},"_links":{"self":[{"href":"https:\/\/www.mmprotek.pt\/blog\/wp-json\/wp\/v2\/posts\/478"}],"collection":[{"href":"https:\/\/www.mmprotek.pt\/blog\/wp-json\/wp\/v2\/posts"}],"about":[{"href":"https:\/\/www.mmprotek.pt\/blog\/wp-json\/wp\/v2\/types\/post"}],"author":[{"embeddable":true,"href":"https:\/\/www.mmprotek.pt\/blog\/wp-json\/wp\/v2\/users\/1"}],"replies":[{"embeddable":true,"href":"https:\/\/www.mmprotek.pt\/blog\/wp-json\/wp\/v2\/comments?post=478"}],"version-history":[{"count":8,"href":"https:\/\/www.mmprotek.pt\/blog\/wp-json\/wp\/v2\/posts\/478\/revisions"}],"predecessor-version":[{"id":536,"href":"https:\/\/www.mmprotek.pt\/blog\/wp-json\/wp\/v2\/posts\/478\/revisions\/536"}],"wp:featuredmedia":[{"embeddable":true,"href":"https:\/\/www.mmprotek.pt\/blog\/wp-json\/wp\/v2\/media\/480"}],"wp:attachment":[{"href":"https:\/\/www.mmprotek.pt\/blog\/wp-json\/wp\/v2\/media?parent=478"}],"wp:term":[{"taxonomy":"category","embeddable":true,"href":"https:\/\/www.mmprotek.pt\/blog\/wp-json\/wp\/v2\/categories?post=478"},{"taxonomy":"post_tag","embeddable":true,"href":"https:\/\/www.mmprotek.pt\/blog\/wp-json\/wp\/v2\/tags?post=478"}],"curies":[{"name":"wp","href":"https:\/\/api.w.org\/{rel}","templated":true}]}}