{"id":4476,"date":"2026-03-13T17:01:11","date_gmt":"2026-03-13T17:01:11","guid":{"rendered":"https:\/\/www.mmprotek.pt\/blog\/?p=4476"},"modified":"2026-04-14T16:18:23","modified_gmt":"2026-04-14T16:18:23","slug":"a-mm-protek-reforca-o-seu-compromisso-com-a-qualidade-e-sustentabilidade-com-certificacoes-iso%ef%bf%bc","status":"publish","type":"post","link":"https:\/\/www.mmprotek.pt\/blog\/a-mm-protek-reforca-o-seu-compromisso-com-a-qualidade-e-sustentabilidade-com-certificacoes-iso%ef%bf%bc\/","title":{"rendered":"A M&#038;M Protek refor\u00e7a o seu compromisso com a qualidade e sustentabilidade com certifica\u00e7\u00f5es ISO"},"content":{"rendered":"\t\t<div data-elementor-type=\"wp-post\" data-elementor-id=\"4476\" class=\"elementor elementor-4476\">\n\t\t\t\t\t\t\t\t\t<section class=\"elementor-section elementor-top-section elementor-element elementor-element-42f529f elementor-section-boxed elementor-section-height-default elementor-section-height-default\" data-id=\"42f529f\" data-element_type=\"section\">\n\t\t\t\t\t\t<div class=\"elementor-container elementor-column-gap-default\">\n\t\t\t\t\t<div class=\"elementor-column elementor-col-100 elementor-top-column elementor-element elementor-element-fa7ca50\" data-id=\"fa7ca50\" data-element_type=\"column\">\n\t\t\t<div class=\"elementor-widget-wrap elementor-element-populated\">\n\t\t\t\t\t\t\t\t<div class=\"elementor-element elementor-element-9a4ed01 elementor-widget elementor-widget-text-editor\" data-id=\"9a4ed01\" data-element_type=\"widget\" data-widget_type=\"text-editor.default\">\n\t\t\t\t<div class=\"elementor-widget-container\">\n\t\t\t<style>\/*! elementor - v3.6.1 - 23-03-2022 *\/\n.elementor-widget-text-editor.elementor-drop-cap-view-stacked .elementor-drop-cap{background-color:#818a91;color:#fff}.elementor-widget-text-editor.elementor-drop-cap-view-framed .elementor-drop-cap{color:#818a91;border:3px solid;background-color:transparent}.elementor-widget-text-editor:not(.elementor-drop-cap-view-default) .elementor-drop-cap{margin-top:8px}.elementor-widget-text-editor:not(.elementor-drop-cap-view-default) .elementor-drop-cap-letter{width:1em;height:1em}.elementor-widget-text-editor .elementor-drop-cap{float:left;text-align:center;line-height:1;font-size:50px}.elementor-widget-text-editor .elementor-drop-cap-letter{display:inline-block}<\/style>\t\t\t\t<p>A M&#038;M Protek refor\u00e7a o seu compromisso com a qualidade e a sustentabilidade ao renovar a certifica\u00e7\u00e3o  <strong>ISO 9001 <\/strong> e conquistar a certifica\u00e7\u00e3o ambiental  <strong>ISO 14001. <\/strong>\n<\/p><p>\nEstas certifica\u00e7\u00f5es internacionais confirmam que seguimos processos rigorosos de gest\u00e3o, melhoria cont\u00ednua e responsabilidade ambiental, garantindo aos nossos clientes produtos e servi\u00e7os alinhados com os mais elevados padr\u00f5es.<\/p>\n\t\t\t\t\t\t<\/div>\n\t\t\t\t<\/div>\n\t\t\t\t<div class=\"elementor-element elementor-element-82a082b elementor-widget elementor-widget-read-more\" data-id=\"82a082b\" data-element_type=\"widget\" data-widget_type=\"read-more.default\">\n\t\t\t\t<div class=\"elementor-widget-container\">\n\t\t\t<\/div><\/div><\/div><\/div><\/div><\/section><\/div><div class=\"more-link-wrapper\"><a class=\"more-link\" href=\"https:\/\/www.mmprotek.pt\/blog\/a-mm-protek-reforca-o-seu-compromisso-com-a-qualidade-e-sustentabilidade-com-certificacoes-iso%ef%bf%bc\/\"><span class=\"more-text\">Ler Mais<\/span><\/a><\/div>","protected":false},"excerpt":{"rendered":"<p>A M&#038;M Protek refor\u00e7a o seu compromisso com a qualidade e a sustentabilidade ao renovar a certifica\u00e7\u00e3o ISO 9001 e conquistar a certifica\u00e7\u00e3o ambiental ISO 14001. Estas certifica\u00e7\u00f5es internacionais confirmam que seguimos processos rigorosos de gest\u00e3o, melhoria cont\u00ednua e responsabilidade ambiental, garantindo aos nossos clientes produtos e servi\u00e7os alinhados com os mais elevados padr\u00f5es.<\/p>\n","protected":false},"author":4,"featured_media":4496,"comment_status":"closed","ping_status":"closed","sticky":false,"template":"","format":"standard","meta":[],"categories":[230],"tags":[231],"yoast_head":"<!-- This site is optimized with the Yoast SEO plugin v18.4.1 - https:\/\/yoast.com\/wordpress\/plugins\/seo\/ -->\n<title>A M&amp;M Protek refor\u00e7a o seu compromisso com a qualidade e sustentabilidade com certifica\u00e7\u00f5es ISO - M&amp;M Protek Blog - Tudo sobre Equipamentos Prote\u00e7\u00e3o Individual EPI&#039;s<\/title>\n<meta name=\"description\" content=\"A M&amp;M Protek renova a ISO 9001 e conquista a ISO 14001, refor\u00e7ando o compromisso com qualidade e sustentabilidade.\" \/>\n<meta name=\"robots\" content=\"index, follow, max-snippet:-1, max-image-preview:large, max-video-preview:-1\" \/>\n<link rel=\"canonical\" href=\"https:\/\/www.mmprotek.pt\/blog\/a-mm-protek-reforca-o-seu-compromisso-com-a-qualidade-e-sustentabilidade-com-certificacoes-iso\ufffc\/\" \/>\n<meta property=\"og:locale\" content=\"pt_PT\" \/>\n<meta property=\"og:type\" content=\"article\" \/>\n<meta property=\"og:title\" content=\"A M&amp;M Protek refor\u00e7a o seu compromisso com a qualidade e sustentabilidade com certifica\u00e7\u00f5es ISO - M&amp;M Protek Blog - Tudo sobre Equipamentos Prote\u00e7\u00e3o Individual EPI&#039;s\" \/>\n<meta property=\"og:description\" content=\"A M&amp;M Protek renova a ISO 9001 e conquista a ISO 14001, refor\u00e7ando o compromisso com qualidade e sustentabilidade.\" \/>\n<meta property=\"og:url\" content=\"https:\/\/www.mmprotek.pt\/blog\/a-mm-protek-reforca-o-seu-compromisso-com-a-qualidade-e-sustentabilidade-com-certificacoes-iso\ufffc\/\" \/>\n<meta property=\"og:site_name\" content=\"M&amp;M Protek Blog - Tudo sobre Equipamentos Prote\u00e7\u00e3o Individual EPI&#039;s\" \/>\n<meta property=\"article:publisher\" content=\"https:\/\/www.facebook.com\/mmprotek.protecao\/\" \/>\n<meta property=\"article:published_time\" content=\"2026-03-13T17:01:11+00:00\" \/>\n<meta property=\"article:modified_time\" content=\"2026-04-14T16:18:23+00:00\" \/>\n<meta property=\"og:image\" content=\"https:\/\/www.mmprotek.pt\/blog\/wp-content\/uploads\/2026\/03\/650065271_1546284430841057_4526623004889984902_n.jpg\" \/>\n\t<meta property=\"og:image:width\" content=\"512\" \/>\n\t<meta property=\"og:image:height\" content=\"445\" \/>\n\t<meta property=\"og:image:type\" content=\"image\/jpeg\" \/>\n<meta name=\"twitter:card\" content=\"summary\" \/>\n<meta name=\"twitter:label1\" content=\"Escrito por\" \/>\n\t<meta name=\"twitter:data1\" content=\"3qinas\" \/>\n\t<meta name=\"twitter:label2\" content=\"Tempo estimado de leitura\" \/>\n\t<meta name=\"twitter:data2\" content=\"2 minutos\" \/>\n<script type=\"application\/ld+json\" class=\"yoast-schema-graph\">{\"@context\":\"https:\/\/schema.org\",\"@graph\":[{\"@type\":\"WebSite\",\"@id\":\"https:\/\/www.mmprotek.pt\/blog\/#website\",\"url\":\"https:\/\/www.mmprotek.pt\/blog\/\",\"name\":\"M&amp;M Protek Blog - Tudo sobre Equipamentos Prote\u00e7\u00e3o Individual EPI&#039;s\",\"description\":\"Novidades e dicas sobre as melhores marcas de Equipamentos de Prote\u00e7\u00e3o Individual (EPI&#039;s), Vestu\u00e1rio de Trabalho e Sinaliza\u00e7\u00e3o de Seguran\u00e7a. Visite-nos!\",\"potentialAction\":[{\"@type\":\"SearchAction\",\"target\":{\"@type\":\"EntryPoint\",\"urlTemplate\":\"https:\/\/www.mmprotek.pt\/blog\/?s={search_term_string}\"},\"query-input\":\"required name=search_term_string\"}],\"inLanguage\":\"pt-PT\"},{\"@type\":\"ImageObject\",\"@id\":\"https:\/\/www.mmprotek.pt\/blog\/a-mm-protek-reforca-o-seu-compromisso-com-a-qualidade-e-sustentabilidade-com-certificacoes-iso%ef%bf%bc\/#primaryimage\",\"inLanguage\":\"pt-PT\",\"url\":\"https:\/\/www.mmprotek.pt\/blog\/wp-content\/uploads\/2026\/03\/650065271_1546284430841057_4526623004889984902_n.jpg\",\"contentUrl\":\"https:\/\/www.mmprotek.pt\/blog\/wp-content\/uploads\/2026\/03\/650065271_1546284430841057_4526623004889984902_n.jpg\",\"width\":512,\"height\":445},{\"@type\":\"WebPage\",\"@id\":\"https:\/\/www.mmprotek.pt\/blog\/a-mm-protek-reforca-o-seu-compromisso-com-a-qualidade-e-sustentabilidade-com-certificacoes-iso%ef%bf%bc\/#webpage\",\"url\":\"https:\/\/www.mmprotek.pt\/blog\/a-mm-protek-reforca-o-seu-compromisso-com-a-qualidade-e-sustentabilidade-com-certificacoes-iso%ef%bf%bc\/\",\"name\":\"A M&M Protek refor\u00e7a o seu compromisso com a qualidade e sustentabilidade com certifica\u00e7\u00f5es ISO - M&amp;M Protek Blog - Tudo sobre Equipamentos Prote\u00e7\u00e3o Individual EPI&#039;s\",\"isPartOf\":{\"@id\":\"https:\/\/www.mmprotek.pt\/blog\/#website\"},\"primaryImageOfPage\":{\"@id\":\"https:\/\/www.mmprotek.pt\/blog\/a-mm-protek-reforca-o-seu-compromisso-com-a-qualidade-e-sustentabilidade-com-certificacoes-iso%ef%bf%bc\/#primaryimage\"},\"datePublished\":\"2026-03-13T17:01:11+00:00\",\"dateModified\":\"2026-04-14T16:18:23+00:00\",\"author\":{\"@id\":\"https:\/\/www.mmprotek.pt\/blog\/#\/schema\/person\/bf9650334e6b7bae11aa3d92f2083038\"},\"description\":\"A M&M Protek renova a ISO 9001 e conquista a ISO 14001, refor\u00e7ando o compromisso com qualidade e sustentabilidade.\",\"breadcrumb\":{\"@id\":\"https:\/\/www.mmprotek.pt\/blog\/a-mm-protek-reforca-o-seu-compromisso-com-a-qualidade-e-sustentabilidade-com-certificacoes-iso%ef%bf%bc\/#breadcrumb\"},\"inLanguage\":\"pt-PT\",\"potentialAction\":[{\"@type\":\"ReadAction\",\"target\":[\"https:\/\/www.mmprotek.pt\/blog\/a-mm-protek-reforca-o-seu-compromisso-com-a-qualidade-e-sustentabilidade-com-certificacoes-iso%ef%bf%bc\/\"]}]},{\"@type\":\"BreadcrumbList\",\"@id\":\"https:\/\/www.mmprotek.pt\/blog\/a-mm-protek-reforca-o-seu-compromisso-com-a-qualidade-e-sustentabilidade-com-certificacoes-iso%ef%bf%bc\/#breadcrumb\",\"itemListElement\":[{\"@type\":\"ListItem\",\"position\":1,\"name\":\"In\u00edcio\",\"item\":\"https:\/\/www.mmprotek.pt\/blog\/\"},{\"@type\":\"ListItem\",\"position\":2,\"name\":\"A M&#038;M Protek refor\u00e7a o seu compromisso com a qualidade e sustentabilidade com certifica\u00e7\u00f5es ISO\"}]},{\"@type\":\"Person\",\"@id\":\"https:\/\/www.mmprotek.pt\/blog\/#\/schema\/person\/bf9650334e6b7bae11aa3d92f2083038\",\"name\":\"3qinas\",\"image\":{\"@type\":\"ImageObject\",\"@id\":\"https:\/\/www.mmprotek.pt\/blog\/#personlogo\",\"inLanguage\":\"pt-PT\",\"url\":\"https:\/\/secure.gravatar.com\/avatar\/54ea39809078ec20064e947a97cd64ee?s=96&d=mm&r=g\",\"contentUrl\":\"https:\/\/secure.gravatar.com\/avatar\/54ea39809078ec20064e947a97cd64ee?s=96&d=mm&r=g\",\"caption\":\"3qinas\"},\"url\":\"https:\/\/www.mmprotek.pt\/blog\/author\/3qinas\/\"}]}<\/script>\n<!-- \/ Yoast SEO plugin. -->","yoast_head_json":{"title":"A M&M Protek refor\u00e7a o seu compromisso com a qualidade e sustentabilidade com certifica\u00e7\u00f5es ISO - M&amp;M Protek Blog - Tudo sobre Equipamentos Prote\u00e7\u00e3o Individual EPI&#039;s","description":"A M&M Protek renova a ISO 9001 e conquista a ISO 14001, refor\u00e7ando o compromisso com qualidade e sustentabilidade.","robots":{"index":"index","follow":"follow","max-snippet":"max-snippet:-1","max-image-preview":"max-image-preview:large","max-video-preview":"max-video-preview:-1"},"canonical":"https:\/\/www.mmprotek.pt\/blog\/a-mm-protek-reforca-o-seu-compromisso-com-a-qualidade-e-sustentabilidade-com-certificacoes-iso\ufffc\/","og_locale":"pt_PT","og_type":"article","og_title":"A M&M Protek refor\u00e7a o seu compromisso com a qualidade e sustentabilidade com certifica\u00e7\u00f5es ISO - M&amp;M Protek Blog - Tudo sobre Equipamentos Prote\u00e7\u00e3o Individual EPI&#039;s","og_description":"A M&M Protek renova a ISO 9001 e conquista a ISO 14001, refor\u00e7ando o compromisso com qualidade e sustentabilidade.","og_url":"https:\/\/www.mmprotek.pt\/blog\/a-mm-protek-reforca-o-seu-compromisso-com-a-qualidade-e-sustentabilidade-com-certificacoes-iso\ufffc\/","og_site_name":"M&amp;M Protek Blog - Tudo sobre Equipamentos Prote\u00e7\u00e3o Individual EPI&#039;s","article_publisher":"https:\/\/www.facebook.com\/mmprotek.protecao\/","article_published_time":"2026-03-13T17:01:11+00:00","article_modified_time":"2026-04-14T16:18:23+00:00","og_image":[{"width":512,"height":445,"url":"https:\/\/www.mmprotek.pt\/blog\/wp-content\/uploads\/2026\/03\/650065271_1546284430841057_4526623004889984902_n.jpg","type":"image\/jpeg"}],"twitter_card":"summary","twitter_misc":{"Escrito por":"3qinas","Tempo estimado de leitura":"2 minutos"},"schema":{"@context":"https:\/\/schema.org","@graph":[{"@type":"WebSite","@id":"https:\/\/www.mmprotek.pt\/blog\/#website","url":"https:\/\/www.mmprotek.pt\/blog\/","name":"M&amp;M Protek Blog - Tudo sobre Equipamentos Prote\u00e7\u00e3o Individual EPI&#039;s","description":"Novidades e dicas sobre as melhores marcas de Equipamentos de Prote\u00e7\u00e3o Individual (EPI&#039;s), Vestu\u00e1rio de Trabalho e Sinaliza\u00e7\u00e3o de Seguran\u00e7a. Visite-nos!","potentialAction":[{"@type":"SearchAction","target":{"@type":"EntryPoint","urlTemplate":"https:\/\/www.mmprotek.pt\/blog\/?s={search_term_string}"},"query-input":"required name=search_term_string"}],"inLanguage":"pt-PT"},{"@type":"ImageObject","@id":"https:\/\/www.mmprotek.pt\/blog\/a-mm-protek-reforca-o-seu-compromisso-com-a-qualidade-e-sustentabilidade-com-certificacoes-iso%ef%bf%bc\/#primaryimage","inLanguage":"pt-PT","url":"https:\/\/www.mmprotek.pt\/blog\/wp-content\/uploads\/2026\/03\/650065271_1546284430841057_4526623004889984902_n.jpg","contentUrl":"https:\/\/www.mmprotek.pt\/blog\/wp-content\/uploads\/2026\/03\/650065271_1546284430841057_4526623004889984902_n.jpg","width":512,"height":445},{"@type":"WebPage","@id":"https:\/\/www.mmprotek.pt\/blog\/a-mm-protek-reforca-o-seu-compromisso-com-a-qualidade-e-sustentabilidade-com-certificacoes-iso%ef%bf%bc\/#webpage","url":"https:\/\/www.mmprotek.pt\/blog\/a-mm-protek-reforca-o-seu-compromisso-com-a-qualidade-e-sustentabilidade-com-certificacoes-iso%ef%bf%bc\/","name":"A M&M Protek refor\u00e7a o seu compromisso com a qualidade e sustentabilidade com certifica\u00e7\u00f5es ISO - M&amp;M Protek Blog - Tudo sobre Equipamentos Prote\u00e7\u00e3o Individual EPI&#039;s","isPartOf":{"@id":"https:\/\/www.mmprotek.pt\/blog\/#website"},"primaryImageOfPage":{"@id":"https:\/\/www.mmprotek.pt\/blog\/a-mm-protek-reforca-o-seu-compromisso-com-a-qualidade-e-sustentabilidade-com-certificacoes-iso%ef%bf%bc\/#primaryimage"},"datePublished":"2026-03-13T17:01:11+00:00","dateModified":"2026-04-14T16:18:23+00:00","author":{"@id":"https:\/\/www.mmprotek.pt\/blog\/#\/schema\/person\/bf9650334e6b7bae11aa3d92f2083038"},"description":"A M&M Protek renova a ISO 9001 e conquista a ISO 14001, refor\u00e7ando o compromisso com qualidade e sustentabilidade.","breadcrumb":{"@id":"https:\/\/www.mmprotek.pt\/blog\/a-mm-protek-reforca-o-seu-compromisso-com-a-qualidade-e-sustentabilidade-com-certificacoes-iso%ef%bf%bc\/#breadcrumb"},"inLanguage":"pt-PT","potentialAction":[{"@type":"ReadAction","target":["https:\/\/www.mmprotek.pt\/blog\/a-mm-protek-reforca-o-seu-compromisso-com-a-qualidade-e-sustentabilidade-com-certificacoes-iso%ef%bf%bc\/"]}]},{"@type":"BreadcrumbList","@id":"https:\/\/www.mmprotek.pt\/blog\/a-mm-protek-reforca-o-seu-compromisso-com-a-qualidade-e-sustentabilidade-com-certificacoes-iso%ef%bf%bc\/#breadcrumb","itemListElement":[{"@type":"ListItem","position":1,"name":"In\u00edcio","item":"https:\/\/www.mmprotek.pt\/blog\/"},{"@type":"ListItem","position":2,"name":"A M&#038;M Protek refor\u00e7a o seu compromisso com a qualidade e sustentabilidade com certifica\u00e7\u00f5es ISO"}]},{"@type":"Person","@id":"https:\/\/www.mmprotek.pt\/blog\/#\/schema\/person\/bf9650334e6b7bae11aa3d92f2083038","name":"3qinas","image":{"@type":"ImageObject","@id":"https:\/\/www.mmprotek.pt\/blog\/#personlogo","inLanguage":"pt-PT","url":"https:\/\/secure.gravatar.com\/avatar\/54ea39809078ec20064e947a97cd64ee?s=96&d=mm&r=g","contentUrl":"https:\/\/secure.gravatar.com\/avatar\/54ea39809078ec20064e947a97cd64ee?s=96&d=mm&r=g","caption":"3qinas"},"url":"https:\/\/www.mmprotek.pt\/blog\/author\/3qinas\/"}]}},"_links":{"self":[{"href":"https:\/\/www.mmprotek.pt\/blog\/wp-json\/wp\/v2\/posts\/4476"}],"collection":[{"href":"https:\/\/www.mmprotek.pt\/blog\/wp-json\/wp\/v2\/posts"}],"about":[{"href":"https:\/\/www.mmprotek.pt\/blog\/wp-json\/wp\/v2\/types\/post"}],"author":[{"embeddable":true,"href":"https:\/\/www.mmprotek.pt\/blog\/wp-json\/wp\/v2\/users\/4"}],"replies":[{"embeddable":true,"href":"https:\/\/www.mmprotek.pt\/blog\/wp-json\/wp\/v2\/comments?post=4476"}],"version-history":[{"count":26,"href":"https:\/\/www.mmprotek.pt\/blog\/wp-json\/wp\/v2\/posts\/4476\/revisions"}],"predecessor-version":[{"id":4598,"href":"https:\/\/www.mmprotek.pt\/blog\/wp-json\/wp\/v2\/posts\/4476\/revisions\/4598"}],"wp:featuredmedia":[{"embeddable":true,"href":"https:\/\/www.mmprotek.pt\/blog\/wp-json\/wp\/v2\/media\/4496"}],"wp:attachment":[{"href":"https:\/\/www.mmprotek.pt\/blog\/wp-json\/wp\/v2\/media?parent=4476"}],"wp:term":[{"taxonomy":"category","embeddable":true,"href":"https:\/\/www.mmprotek.pt\/blog\/wp-json\/wp\/v2\/categories?post=4476"},{"taxonomy":"post_tag","embeddable":true,"href":"https:\/\/www.mmprotek.pt\/blog\/wp-json\/wp\/v2\/tags?post=4476"}],"curies":[{"name":"wp","href":"https:\/\/api.w.org\/{rel}","templated":true}]}}