{"id":424,"date":"2018-03-07T21:30:47","date_gmt":"2018-03-07T21:30:47","guid":{"rendered":"https:\/\/www.mmprotek.pt\/blog\/?p=424"},"modified":"2018-03-08T10:27:17","modified_gmt":"2018-03-08T10:27:17","slug":"equipamentos-protecao-individual-para-construcao-civil","status":"publish","type":"post","link":"https:\/\/www.mmprotek.pt\/blog\/equipamentos-protecao-individual-para-construcao-civil\/","title":{"rendered":"Conhe\u00e7a 5 equipamentos de prote\u00e7\u00e3o individual para constru\u00e7\u00e3o civil"},"content":{"rendered":"<p style=\"text-align: justify;\"><span style=\"font-size: 12pt;\"><span style=\"font-weight: 400;\">O seu trabalho est\u00e1 diretamente ligado ao ramo da constru\u00e7\u00e3o civil? Se lida diariamente com essa ind\u00fastria conhece, certamente, os riscos aos quais est\u00e3o sujeitos os trabalhadores e visitantes das obras. O n\u00famero de <\/span><b>acidentes de trabalho na constru\u00e7\u00e3o civil<\/b><span style=\"font-weight: 400;\"> continua a ser inquietante e um dos passos para evitar esses acidentes \u00e9 a utiliza\u00e7\u00e3o de <\/span><b>Equipamentos de Prote\u00e7\u00e3o Individual<\/b><span style=\"font-weight: 400;\"> (<\/span><b>EPI\u2019s<\/b><span style=\"font-weight: 400;\">). <\/span><\/span><\/p>\n<p style=\"text-align: justify;\"><!--more--><\/p>\n<p style=\"text-align: justify;\"><span style=\"font-size: 14pt;\"><span style=\"font-weight: 400;\">Conhe\u00e7a 5 <\/span><a href=\"https:\/\/www.mmprotek.pt\/\" target=\"_blank\" rel=\"noopener\"><b>equipamentos de prote\u00e7\u00e3o individual para constru\u00e7\u00e3o civ<\/b><strong>il<\/strong><\/a><span style=\"font-weight: 400;\"> absolutamente indispens\u00e1veis para garantir a seguran\u00e7a nas obras. <\/span><\/span><\/p>\n<ol>\n<li style=\"text-align: justify;\"><a href=\"https:\/\/www.mmprotek.pt\/loja-online-protecao-da-cabeca\" target=\"_blank\" rel=\"noopener\"><b>Capacete de seguran\u00e7a:<\/b><\/a><b>\u00a0<\/b><span style=\"font-weight: 400;\">o capacete \u00e9 utilizado com a finalidade de proteger a cabe\u00e7a contra impactos causados por choques mec\u00e2nicos, quedas ou proje\u00e7\u00f5es de objetos que podem provocar graves les\u00f5es ou, nos piores casos, podem mesmo ser fatais. Para saber mais sobre prote\u00e7\u00e3o e capacetes de seguran\u00e7a\u00a0<strong>clique <\/strong><\/span><strong><a href=\"https:\/\/www.mmprotek.pt\/blog\/conheca-os-9-equipamentos-essenciais-seguranca-no-trabalho\/\" target=\"_blank\" rel=\"noopener\">aqui<\/a><\/strong><span style=\"font-weight: 400;\">. <\/span><\/li>\n<li style=\"text-align: justify;\"><a href=\"https:\/\/www.mmprotek.pt\/equipamentos-protecao-auditiva\" target=\"_blank\" rel=\"noopener\"><b>Protetores auditivos:<\/b><\/a><span style=\"font-weight: 400;\">\u00a0 a perda de audi\u00e7\u00e3o provocada pela exposi\u00e7\u00e3o prolongada ao ru\u00eddo (PAIR) \u00e9 uma doen\u00e7a que progride na sombra e, muitas vezes, \u00e9 detetada demasiado tarde. Para trabalhadores da constru\u00e7\u00e3o civil, a exposi\u00e7\u00e3o ao ru\u00eddo \u00e9 algo intr\u00ednseco no dia a dia. Saiba mais sobre a PAIR e a forma de prevenir essa doen\u00e7a, <strong>clique <\/strong><\/span><a href=\"https:\/\/www.mmprotek.pt\/blog\/category\/protecao-auditiva\/\" target=\"_blank\" rel=\"noopener\"><span style=\"font-weight: 400;\"><strong>aqui<\/strong><\/span><\/a><span style=\"font-weight: 400;\">. <\/span><\/li>\n<li style=\"text-align: justify;\"><a href=\"https:\/\/www.mmprotek.pt\/calcado-de-seguranca-protecao\" target=\"_blank\" rel=\"noopener\"><b>Cal\u00e7ado de seguran\u00e7a:<\/b><\/a><span style=\"font-weight: 400;\">\u00a0o cal\u00e7ado de seguran\u00e7a \u00e9 usado para proteger o p\u00e9 contra les\u00f5es provocadas por queda, choque e deslizamento de objetos pesados mas tamb\u00e9m serve como prote\u00e7\u00e3o contra cortes provocados por objetos cortantes e contra o contacto com ambientes agressivos ou ambientes adversos. Para saber mais sobre cal\u00e7ado de seguran\u00e7a <strong>clique <\/strong><\/span><strong><a href=\"https:\/\/www.mmprotek.pt\/blog\/calcado-de-seguranca\/\" target=\"_blank\" rel=\"noopener\">aqui<\/a><\/strong><span style=\"font-weight: 400;\">. \u00a0<\/span><\/li>\n<li style=\"text-align: justify;\"><a href=\"https:\/\/www.mmprotek.pt\/equipamentos-protecao-ocular\" target=\"_blank\" rel=\"noopener\"><b>\u00d3culos de prote\u00e7\u00e3o:<\/b><\/a><b>\u00a0<\/b><span style=\"font-weight: 400;\">os olhos podem ser lesionados muito facilmente e, em consequ\u00eancia, pode diminuir a capacidade de vis\u00e3o ou mesmo perd\u00ea-la completamente. Para diminuir o risco de les\u00f5es oculares deve utilizar \u00f3culos de prote\u00e7\u00e3o, saiba mais sobre este tipo de EPI\u2019s <strong>clicando <\/strong><\/span><strong><a href=\"https:\/\/www.mmprotek.pt\/blog\/conheca-os-9-equipamentos-essenciais-seguranca-no-trabalho\/\" target=\"_blank\" rel=\"noopener\">aqui<\/a><\/strong><span style=\"font-weight: 400;\">. <\/span><\/li>\n<li style=\"text-align: justify;\"><a href=\"https:\/\/www.mmprotek.pt\/loja-online-equipamentos-antiqueda\" target=\"_blank\" rel=\"noopener\"><b>Cinto de seguran\u00e7a:<\/b><\/a><b>\u00a0<\/b><span style=\"font-weight: 400;\">para se proteger contra os riscos de quedas devem ser utilizados cintos, cintur\u00f5es, arneses regul\u00e1veis, mosquet\u00e3o e anti-quedas. Sempre que o trabalhador executar tarefas em alturas superiores a dois metros devem ser utilizados os EPI\u2019s referidos, normalmente, em complemento uns dos outros. Para saber mais sobre cintos de seguran\u00e7a <strong>clique <\/strong><\/span><strong><a href=\"https:\/\/www.mmprotek.pt\/blog\/conheca-os-9-equipamentos-essenciais-seguranca-no-trabalho\/\" target=\"_blank\" rel=\"noopener\">aqui<\/a><\/strong><span style=\"font-weight: 400;\">.<\/span><\/li>\n<\/ol>\n<p style=\"text-align: justify;\"><span style=\"font-weight: 400;\">Na <\/span><a href=\"https:\/\/www.mmprotek.pt\/\"><b>M&amp;M Protek<\/b><\/a><span style=\"font-weight: 400;\"> desenvolvemos atividade na \u00e1rea da seguran\u00e7a e higiene no trabalho e a comercializa\u00e7\u00e3o de <\/span><b>Equipamentos de Prote\u00e7\u00e3o Individual<\/b><span style=\"font-weight: 400;\"> (<\/span><b>EPI\u2019s<\/b><span style=\"font-weight: 400;\">) para constru\u00e7\u00e3o civil \u00e9 parte fundamental da nossa atividade.<\/span><\/p>\n","protected":false},"excerpt":{"rendered":"<p>O seu trabalho est\u00e1 diretamente ligado ao ramo da constru\u00e7\u00e3o civil? Se lida diariamente com essa ind\u00fastria conhece, certamente, os riscos aos quais est\u00e3o sujeitos os trabalhadores e visitantes das obras. O n\u00famero de acidentes de trabalho na constru\u00e7\u00e3o civil continua a ser inquietante e um dos passos para evitar esses acidentes \u00e9 a utiliza\u00e7\u00e3o&hellip;<\/p>\n","protected":false},"author":1,"featured_media":430,"comment_status":"open","ping_status":"open","sticky":false,"template":"","format":"standard","meta":[],"categories":[35],"tags":[63,29,65,12,66,64,62,67],"yoast_head":"<!-- This site is optimized with the Yoast SEO plugin v18.4.1 - https:\/\/yoast.com\/wordpress\/plugins\/seo\/ -->\n<title>Conhe\u00e7a 5 equipamentos de prote\u00e7\u00e3o individual para constru\u00e7\u00e3o civil<\/title>\n<meta name=\"description\" content=\"Veja aqui 5 equipamentos de prote\u00e7\u00e3o individual para constru\u00e7\u00e3o civil indispens\u00e1veis para garantir a seguran\u00e7a de todos os presentes numa determinada obra.\" \/>\n<meta name=\"robots\" content=\"index, follow, max-snippet:-1, max-image-preview:large, max-video-preview:-1\" \/>\n<link rel=\"canonical\" href=\"https:\/\/www.mmprotek.pt\/blog\/equipamentos-protecao-individual-para-construcao-civil\/\" \/>\n<meta property=\"og:locale\" content=\"pt_PT\" \/>\n<meta property=\"og:type\" content=\"article\" \/>\n<meta property=\"og:title\" content=\"Conhe\u00e7a 5 equipamentos de prote\u00e7\u00e3o individual para constru\u00e7\u00e3o civil\" \/>\n<meta property=\"og:description\" content=\"Veja aqui 5 equipamentos de prote\u00e7\u00e3o individual para constru\u00e7\u00e3o civil indispens\u00e1veis para garantir a seguran\u00e7a de todos os presentes numa determinada obra.\" \/>\n<meta property=\"og:url\" content=\"https:\/\/www.mmprotek.pt\/blog\/equipamentos-protecao-individual-para-construcao-civil\/\" \/>\n<meta property=\"og:site_name\" content=\"M&amp;M Protek Blog - Tudo sobre Equipamentos Prote\u00e7\u00e3o Individual EPI&#039;s\" \/>\n<meta property=\"article:publisher\" content=\"https:\/\/www.facebook.com\/mmprotek.protecao\/\" \/>\n<meta property=\"article:published_time\" content=\"2018-03-07T21:30:47+00:00\" \/>\n<meta property=\"article:modified_time\" content=\"2018-03-08T10:27:17+00:00\" \/>\n<meta property=\"og:image\" content=\"https:\/\/www.mmprotek.pt\/blog\/wp-content\/uploads\/2018\/03\/Design-sem-nome.png\" \/>\n\t<meta property=\"og:image:width\" content=\"850\" \/>\n\t<meta property=\"og:image:height\" content=\"425\" \/>\n\t<meta property=\"og:image:type\" content=\"image\/png\" \/>\n<meta name=\"twitter:card\" content=\"summary\" \/>\n<meta name=\"twitter:label1\" content=\"Escrito por\" \/>\n\t<meta name=\"twitter:data1\" content=\"mmprotek\" \/>\n\t<meta name=\"twitter:label2\" content=\"Tempo estimado de leitura\" \/>\n\t<meta name=\"twitter:data2\" content=\"2 minutos\" \/>\n<script type=\"application\/ld+json\" class=\"yoast-schema-graph\">{\"@context\":\"https:\/\/schema.org\",\"@graph\":[{\"@type\":\"WebSite\",\"@id\":\"https:\/\/www.mmprotek.pt\/blog\/#website\",\"url\":\"https:\/\/www.mmprotek.pt\/blog\/\",\"name\":\"M&amp;M Protek Blog - Tudo sobre Equipamentos Prote\u00e7\u00e3o Individual EPI&#039;s\",\"description\":\"Novidades e dicas sobre as melhores marcas de Equipamentos de Prote\u00e7\u00e3o Individual (EPI&#039;s), Vestu\u00e1rio de Trabalho e Sinaliza\u00e7\u00e3o de Seguran\u00e7a. Visite-nos!\",\"potentialAction\":[{\"@type\":\"SearchAction\",\"target\":{\"@type\":\"EntryPoint\",\"urlTemplate\":\"https:\/\/www.mmprotek.pt\/blog\/?s={search_term_string}\"},\"query-input\":\"required name=search_term_string\"}],\"inLanguage\":\"pt-PT\"},{\"@type\":\"ImageObject\",\"@id\":\"https:\/\/www.mmprotek.pt\/blog\/equipamentos-protecao-individual-para-construcao-civil\/#primaryimage\",\"inLanguage\":\"pt-PT\",\"url\":\"https:\/\/www.mmprotek.pt\/blog\/wp-content\/uploads\/2018\/03\/Design-sem-nome.png\",\"contentUrl\":\"https:\/\/www.mmprotek.pt\/blog\/wp-content\/uploads\/2018\/03\/Design-sem-nome.png\",\"width\":850,\"height\":425,\"caption\":\"equipamentos de prote\u00e7\u00e3o individual para constru\u00e7\u00e3o civil\"},{\"@type\":\"WebPage\",\"@id\":\"https:\/\/www.mmprotek.pt\/blog\/equipamentos-protecao-individual-para-construcao-civil\/#webpage\",\"url\":\"https:\/\/www.mmprotek.pt\/blog\/equipamentos-protecao-individual-para-construcao-civil\/\",\"name\":\"Conhe\u00e7a 5 equipamentos de prote\u00e7\u00e3o individual para constru\u00e7\u00e3o civil\",\"isPartOf\":{\"@id\":\"https:\/\/www.mmprotek.pt\/blog\/#website\"},\"primaryImageOfPage\":{\"@id\":\"https:\/\/www.mmprotek.pt\/blog\/equipamentos-protecao-individual-para-construcao-civil\/#primaryimage\"},\"datePublished\":\"2018-03-07T21:30:47+00:00\",\"dateModified\":\"2018-03-08T10:27:17+00:00\",\"author\":{\"@id\":\"https:\/\/www.mmprotek.pt\/blog\/#\/schema\/person\/15cba973f3659b7ddb105830cfbb832f\"},\"description\":\"Veja aqui 5 equipamentos de prote\u00e7\u00e3o individual para constru\u00e7\u00e3o civil indispens\u00e1veis para garantir a seguran\u00e7a de todos os presentes numa determinada obra.\",\"breadcrumb\":{\"@id\":\"https:\/\/www.mmprotek.pt\/blog\/equipamentos-protecao-individual-para-construcao-civil\/#breadcrumb\"},\"inLanguage\":\"pt-PT\",\"potentialAction\":[{\"@type\":\"ReadAction\",\"target\":[\"https:\/\/www.mmprotek.pt\/blog\/equipamentos-protecao-individual-para-construcao-civil\/\"]}]},{\"@type\":\"BreadcrumbList\",\"@id\":\"https:\/\/www.mmprotek.pt\/blog\/equipamentos-protecao-individual-para-construcao-civil\/#breadcrumb\",\"itemListElement\":[{\"@type\":\"ListItem\",\"position\":1,\"name\":\"In\u00edcio\",\"item\":\"https:\/\/www.mmprotek.pt\/blog\/\"},{\"@type\":\"ListItem\",\"position\":2,\"name\":\"Conhe\u00e7a 5 equipamentos de prote\u00e7\u00e3o individual para constru\u00e7\u00e3o civil\"}]},{\"@type\":\"Person\",\"@id\":\"https:\/\/www.mmprotek.pt\/blog\/#\/schema\/person\/15cba973f3659b7ddb105830cfbb832f\",\"name\":\"mmprotek\",\"image\":{\"@type\":\"ImageObject\",\"@id\":\"https:\/\/www.mmprotek.pt\/blog\/#personlogo\",\"inLanguage\":\"pt-PT\",\"url\":\"https:\/\/secure.gravatar.com\/avatar\/0ea10c9ee17a661d0b38b001d6b05406?s=96&d=mm&r=g\",\"contentUrl\":\"https:\/\/secure.gravatar.com\/avatar\/0ea10c9ee17a661d0b38b001d6b05406?s=96&d=mm&r=g\",\"caption\":\"mmprotek\"},\"url\":\"https:\/\/www.mmprotek.pt\/blog\/author\/mmprotek\/\"}]}<\/script>\n<!-- \/ Yoast SEO plugin. -->","yoast_head_json":{"title":"Conhe\u00e7a 5 equipamentos de prote\u00e7\u00e3o individual para constru\u00e7\u00e3o civil","description":"Veja aqui 5 equipamentos de prote\u00e7\u00e3o individual para constru\u00e7\u00e3o civil indispens\u00e1veis para garantir a seguran\u00e7a de todos os presentes numa determinada obra.","robots":{"index":"index","follow":"follow","max-snippet":"max-snippet:-1","max-image-preview":"max-image-preview:large","max-video-preview":"max-video-preview:-1"},"canonical":"https:\/\/www.mmprotek.pt\/blog\/equipamentos-protecao-individual-para-construcao-civil\/","og_locale":"pt_PT","og_type":"article","og_title":"Conhe\u00e7a 5 equipamentos de prote\u00e7\u00e3o individual para constru\u00e7\u00e3o civil","og_description":"Veja aqui 5 equipamentos de prote\u00e7\u00e3o individual para constru\u00e7\u00e3o civil indispens\u00e1veis para garantir a seguran\u00e7a de todos os presentes numa determinada obra.","og_url":"https:\/\/www.mmprotek.pt\/blog\/equipamentos-protecao-individual-para-construcao-civil\/","og_site_name":"M&amp;M Protek Blog - Tudo sobre Equipamentos Prote\u00e7\u00e3o Individual EPI&#039;s","article_publisher":"https:\/\/www.facebook.com\/mmprotek.protecao\/","article_published_time":"2018-03-07T21:30:47+00:00","article_modified_time":"2018-03-08T10:27:17+00:00","og_image":[{"width":850,"height":425,"url":"https:\/\/www.mmprotek.pt\/blog\/wp-content\/uploads\/2018\/03\/Design-sem-nome.png","type":"image\/png"}],"twitter_card":"summary","twitter_misc":{"Escrito por":"mmprotek","Tempo estimado de leitura":"2 minutos"},"schema":{"@context":"https:\/\/schema.org","@graph":[{"@type":"WebSite","@id":"https:\/\/www.mmprotek.pt\/blog\/#website","url":"https:\/\/www.mmprotek.pt\/blog\/","name":"M&amp;M Protek Blog - Tudo sobre Equipamentos Prote\u00e7\u00e3o Individual EPI&#039;s","description":"Novidades e dicas sobre as melhores marcas de Equipamentos de Prote\u00e7\u00e3o Individual (EPI&#039;s), Vestu\u00e1rio de Trabalho e Sinaliza\u00e7\u00e3o de Seguran\u00e7a. Visite-nos!","potentialAction":[{"@type":"SearchAction","target":{"@type":"EntryPoint","urlTemplate":"https:\/\/www.mmprotek.pt\/blog\/?s={search_term_string}"},"query-input":"required name=search_term_string"}],"inLanguage":"pt-PT"},{"@type":"ImageObject","@id":"https:\/\/www.mmprotek.pt\/blog\/equipamentos-protecao-individual-para-construcao-civil\/#primaryimage","inLanguage":"pt-PT","url":"https:\/\/www.mmprotek.pt\/blog\/wp-content\/uploads\/2018\/03\/Design-sem-nome.png","contentUrl":"https:\/\/www.mmprotek.pt\/blog\/wp-content\/uploads\/2018\/03\/Design-sem-nome.png","width":850,"height":425,"caption":"equipamentos de prote\u00e7\u00e3o individual para constru\u00e7\u00e3o civil"},{"@type":"WebPage","@id":"https:\/\/www.mmprotek.pt\/blog\/equipamentos-protecao-individual-para-construcao-civil\/#webpage","url":"https:\/\/www.mmprotek.pt\/blog\/equipamentos-protecao-individual-para-construcao-civil\/","name":"Conhe\u00e7a 5 equipamentos de prote\u00e7\u00e3o individual para constru\u00e7\u00e3o civil","isPartOf":{"@id":"https:\/\/www.mmprotek.pt\/blog\/#website"},"primaryImageOfPage":{"@id":"https:\/\/www.mmprotek.pt\/blog\/equipamentos-protecao-individual-para-construcao-civil\/#primaryimage"},"datePublished":"2018-03-07T21:30:47+00:00","dateModified":"2018-03-08T10:27:17+00:00","author":{"@id":"https:\/\/www.mmprotek.pt\/blog\/#\/schema\/person\/15cba973f3659b7ddb105830cfbb832f"},"description":"Veja aqui 5 equipamentos de prote\u00e7\u00e3o individual para constru\u00e7\u00e3o civil indispens\u00e1veis para garantir a seguran\u00e7a de todos os presentes numa determinada obra.","breadcrumb":{"@id":"https:\/\/www.mmprotek.pt\/blog\/equipamentos-protecao-individual-para-construcao-civil\/#breadcrumb"},"inLanguage":"pt-PT","potentialAction":[{"@type":"ReadAction","target":["https:\/\/www.mmprotek.pt\/blog\/equipamentos-protecao-individual-para-construcao-civil\/"]}]},{"@type":"BreadcrumbList","@id":"https:\/\/www.mmprotek.pt\/blog\/equipamentos-protecao-individual-para-construcao-civil\/#breadcrumb","itemListElement":[{"@type":"ListItem","position":1,"name":"In\u00edcio","item":"https:\/\/www.mmprotek.pt\/blog\/"},{"@type":"ListItem","position":2,"name":"Conhe\u00e7a 5 equipamentos de prote\u00e7\u00e3o individual para constru\u00e7\u00e3o civil"}]},{"@type":"Person","@id":"https:\/\/www.mmprotek.pt\/blog\/#\/schema\/person\/15cba973f3659b7ddb105830cfbb832f","name":"mmprotek","image":{"@type":"ImageObject","@id":"https:\/\/www.mmprotek.pt\/blog\/#personlogo","inLanguage":"pt-PT","url":"https:\/\/secure.gravatar.com\/avatar\/0ea10c9ee17a661d0b38b001d6b05406?s=96&d=mm&r=g","contentUrl":"https:\/\/secure.gravatar.com\/avatar\/0ea10c9ee17a661d0b38b001d6b05406?s=96&d=mm&r=g","caption":"mmprotek"},"url":"https:\/\/www.mmprotek.pt\/blog\/author\/mmprotek\/"}]}},"_links":{"self":[{"href":"https:\/\/www.mmprotek.pt\/blog\/wp-json\/wp\/v2\/posts\/424"}],"collection":[{"href":"https:\/\/www.mmprotek.pt\/blog\/wp-json\/wp\/v2\/posts"}],"about":[{"href":"https:\/\/www.mmprotek.pt\/blog\/wp-json\/wp\/v2\/types\/post"}],"author":[{"embeddable":true,"href":"https:\/\/www.mmprotek.pt\/blog\/wp-json\/wp\/v2\/users\/1"}],"replies":[{"embeddable":true,"href":"https:\/\/www.mmprotek.pt\/blog\/wp-json\/wp\/v2\/comments?post=424"}],"version-history":[{"count":10,"href":"https:\/\/www.mmprotek.pt\/blog\/wp-json\/wp\/v2\/posts\/424\/revisions"}],"predecessor-version":[{"id":435,"href":"https:\/\/www.mmprotek.pt\/blog\/wp-json\/wp\/v2\/posts\/424\/revisions\/435"}],"wp:featuredmedia":[{"embeddable":true,"href":"https:\/\/www.mmprotek.pt\/blog\/wp-json\/wp\/v2\/media\/430"}],"wp:attachment":[{"href":"https:\/\/www.mmprotek.pt\/blog\/wp-json\/wp\/v2\/media?parent=424"}],"wp:term":[{"taxonomy":"category","embeddable":true,"href":"https:\/\/www.mmprotek.pt\/blog\/wp-json\/wp\/v2\/categories?post=424"},{"taxonomy":"post_tag","embeddable":true,"href":"https:\/\/www.mmprotek.pt\/blog\/wp-json\/wp\/v2\/tags?post=424"}],"curies":[{"name":"wp","href":"https:\/\/api.w.org\/{rel}","templated":true}]}}