{"id":4209,"date":"2026-01-12T14:56:08","date_gmt":"2026-01-12T14:56:08","guid":{"rendered":"https:\/\/www.mmprotek.pt\/blog\/?p=4209"},"modified":"2026-01-12T15:35:21","modified_gmt":"2026-01-12T15:35:21","slug":"vestuario-de-inverno-kits-completos-para-trabalhar-em-seguranca","status":"publish","type":"post","link":"https:\/\/www.mmprotek.pt\/blog\/vestuario-de-inverno-kits-completos-para-trabalhar-em-seguranca\/","title":{"rendered":"Vestu\u00e1rio de inverno: kits completos para trabalhar em seguran\u00e7a"},"content":{"rendered":"\t\t<div data-elementor-type=\"wp-post\" data-elementor-id=\"4209\" class=\"elementor elementor-4209\">\n\t\t\t\t\t\t\t\t\t<section class=\"elementor-section elementor-top-section elementor-element elementor-element-29411e1 elementor-section-boxed elementor-section-height-default elementor-section-height-default\" data-id=\"29411e1\" data-element_type=\"section\">\n\t\t\t\t\t\t<div class=\"elementor-container elementor-column-gap-default\">\n\t\t\t\t\t<div class=\"elementor-column elementor-col-100 elementor-top-column elementor-element elementor-element-7a81d31\" data-id=\"7a81d31\" data-element_type=\"column\">\n\t\t\t<div class=\"elementor-widget-wrap elementor-element-populated\">\n\t\t\t\t\t\t\t\t<div class=\"elementor-element elementor-element-dc1f971 elementor-widget elementor-widget-text-editor\" data-id=\"dc1f971\" data-element_type=\"widget\" data-widget_type=\"text-editor.default\">\n\t\t\t\t<div class=\"elementor-widget-container\">\n\t\t\t<style>\/*! elementor - v3.6.1 - 23-03-2022 *\/\n.elementor-widget-text-editor.elementor-drop-cap-view-stacked .elementor-drop-cap{background-color:#818a91;color:#fff}.elementor-widget-text-editor.elementor-drop-cap-view-framed .elementor-drop-cap{color:#818a91;border:3px solid;background-color:transparent}.elementor-widget-text-editor:not(.elementor-drop-cap-view-default) .elementor-drop-cap{margin-top:8px}.elementor-widget-text-editor:not(.elementor-drop-cap-view-default) .elementor-drop-cap-letter{width:1em;height:1em}.elementor-widget-text-editor .elementor-drop-cap{float:left;text-align:center;line-height:1;font-size:50px}.elementor-widget-text-editor .elementor-drop-cap-letter{display:inline-block}<\/style>\t\t\t\tTrabalhar no inverno apresenta desafios adicionais: quando o ambiente \u00e9 frio, h\u00famido ou exposto ao ar livre, as condi\u00e7\u00f5es da esta\u00e7\u00e3o tornam-se ainda mais exigentes. O vestu\u00e1rio de inverno adequado \u00e9 essencial, pois as temperaturas baixas, o vento g\u00e9lido e a chuva podem comprometer o conforto e a mobilidade, colocando em risco a seguran\u00e7a e a destreza do trabalhador. A esta\u00e7\u00e3o traz desafios acrescidos e \u00e9 necess\u00e1rio estar preparado para eles!\n\t\t\t\t\t\t<\/div>\n\t\t\t\t<\/div>\n\t\t\t\t<div class=\"elementor-element elementor-element-8be438b elementor-widget elementor-widget-read-more\" data-id=\"8be438b\" data-element_type=\"widget\" data-widget_type=\"read-more.default\">\n\t\t\t\t<div class=\"elementor-widget-container\">\n\t\t\t<\/div><\/div><\/div><\/div><\/div><\/section><\/div><div class=\"more-link-wrapper\"><a class=\"more-link\" href=\"https:\/\/www.mmprotek.pt\/blog\/vestuario-de-inverno-kits-completos-para-trabalhar-em-seguranca\/\"><span class=\"more-text\">Ler Mais<\/span><\/a><\/div>","protected":false},"excerpt":{"rendered":"<p>Trabalhar no inverno apresenta desafios adicionais: quando o ambiente \u00e9 frio, h\u00famido ou exposto ao ar livre, as condi\u00e7\u00f5es da esta\u00e7\u00e3o tornam-se ainda mais exigentes. O vestu\u00e1rio de inverno adequado \u00e9 essencial, pois as temperaturas baixas, o vento g\u00e9lido e a chuva podem comprometer o conforto e a mobilidade, colocando em risco a seguran\u00e7a e&hellip;<\/p>\n","protected":false},"author":4,"featured_media":4225,"comment_status":"closed","ping_status":"closed","sticky":false,"template":"","format":"standard","meta":[],"categories":[35,114,223],"tags":[88,224],"yoast_head":"<!-- This site is optimized with the Yoast SEO plugin v18.4.1 - https:\/\/yoast.com\/wordpress\/plugins\/seo\/ -->\n<title>Vestu\u00e1rio de inverno: kits completos para trabalhar em seguran\u00e7a - M&amp;M Protek Blog - Tudo sobre Equipamentos Prote\u00e7\u00e3o Individual EPI&#039;s<\/title>\n<meta name=\"description\" content=\"Proteja-se no inverno com os kits de vestu\u00e1rio de inverno da M&amp;M Protek. EPI para frio, chuva e visibilidade, garantindo conforto e seguran\u00e7a.\" \/>\n<meta name=\"robots\" content=\"index, follow, max-snippet:-1, max-image-preview:large, max-video-preview:-1\" \/>\n<link rel=\"canonical\" href=\"https:\/\/www.mmprotek.pt\/blog\/vestuario-de-inverno-kits-completos-para-trabalhar-em-seguranca\/\" \/>\n<meta property=\"og:locale\" content=\"pt_PT\" \/>\n<meta property=\"og:type\" content=\"article\" \/>\n<meta property=\"og:title\" content=\"Vestu\u00e1rio de inverno: kits completos para trabalhar em seguran\u00e7a - M&amp;M Protek Blog - Tudo sobre Equipamentos Prote\u00e7\u00e3o Individual EPI&#039;s\" \/>\n<meta property=\"og:description\" content=\"Proteja-se no inverno com os kits de vestu\u00e1rio de inverno da M&amp;M Protek. EPI para frio, chuva e visibilidade, garantindo conforto e seguran\u00e7a.\" \/>\n<meta property=\"og:url\" content=\"https:\/\/www.mmprotek.pt\/blog\/vestuario-de-inverno-kits-completos-para-trabalhar-em-seguranca\/\" \/>\n<meta property=\"og:site_name\" content=\"M&amp;M Protek Blog - Tudo sobre Equipamentos Prote\u00e7\u00e3o Individual EPI&#039;s\" \/>\n<meta property=\"article:publisher\" content=\"https:\/\/www.facebook.com\/mmprotek.protecao\/\" \/>\n<meta property=\"article:published_time\" content=\"2026-01-12T14:56:08+00:00\" \/>\n<meta property=\"article:modified_time\" content=\"2026-01-12T15:35:21+00:00\" \/>\n<meta property=\"og:image\" content=\"https:\/\/www.mmprotek.pt\/blog\/wp-content\/uploads\/2026\/01\/imagem-destaque-blog-janeiro.jpg\" \/>\n\t<meta property=\"og:image:width\" content=\"768\" \/>\n\t<meta property=\"og:image:height\" content=\"432\" \/>\n\t<meta property=\"og:image:type\" content=\"image\/jpeg\" \/>\n<meta name=\"twitter:card\" content=\"summary\" \/>\n<meta name=\"twitter:label1\" content=\"Escrito por\" \/>\n\t<meta name=\"twitter:data1\" content=\"3qinas\" \/>\n\t<meta name=\"twitter:label2\" content=\"Tempo estimado de leitura\" \/>\n\t<meta name=\"twitter:data2\" content=\"8 minutos\" \/>\n<script type=\"application\/ld+json\" class=\"yoast-schema-graph\">{\"@context\":\"https:\/\/schema.org\",\"@graph\":[{\"@type\":\"WebSite\",\"@id\":\"https:\/\/www.mmprotek.pt\/blog\/#website\",\"url\":\"https:\/\/www.mmprotek.pt\/blog\/\",\"name\":\"M&amp;M Protek Blog - Tudo sobre Equipamentos Prote\u00e7\u00e3o Individual EPI&#039;s\",\"description\":\"Novidades e dicas sobre as melhores marcas de Equipamentos de Prote\u00e7\u00e3o Individual (EPI&#039;s), Vestu\u00e1rio de Trabalho e Sinaliza\u00e7\u00e3o de Seguran\u00e7a. Visite-nos!\",\"potentialAction\":[{\"@type\":\"SearchAction\",\"target\":{\"@type\":\"EntryPoint\",\"urlTemplate\":\"https:\/\/www.mmprotek.pt\/blog\/?s={search_term_string}\"},\"query-input\":\"required name=search_term_string\"}],\"inLanguage\":\"pt-PT\"},{\"@type\":\"ImageObject\",\"@id\":\"https:\/\/www.mmprotek.pt\/blog\/vestuario-de-inverno-kits-completos-para-trabalhar-em-seguranca\/#primaryimage\",\"inLanguage\":\"pt-PT\",\"url\":\"https:\/\/www.mmprotek.pt\/blog\/wp-content\/uploads\/2026\/01\/imagem-destaque-blog-janeiro.jpg\",\"contentUrl\":\"https:\/\/www.mmprotek.pt\/blog\/wp-content\/uploads\/2026\/01\/imagem-destaque-blog-janeiro.jpg\",\"width\":768,\"height\":432},{\"@type\":\"WebPage\",\"@id\":\"https:\/\/www.mmprotek.pt\/blog\/vestuario-de-inverno-kits-completos-para-trabalhar-em-seguranca\/#webpage\",\"url\":\"https:\/\/www.mmprotek.pt\/blog\/vestuario-de-inverno-kits-completos-para-trabalhar-em-seguranca\/\",\"name\":\"Vestu\u00e1rio de inverno: kits completos para trabalhar em seguran\u00e7a - M&amp;M Protek Blog - Tudo sobre Equipamentos Prote\u00e7\u00e3o Individual EPI&#039;s\",\"isPartOf\":{\"@id\":\"https:\/\/www.mmprotek.pt\/blog\/#website\"},\"primaryImageOfPage\":{\"@id\":\"https:\/\/www.mmprotek.pt\/blog\/vestuario-de-inverno-kits-completos-para-trabalhar-em-seguranca\/#primaryimage\"},\"datePublished\":\"2026-01-12T14:56:08+00:00\",\"dateModified\":\"2026-01-12T15:35:21+00:00\",\"author\":{\"@id\":\"https:\/\/www.mmprotek.pt\/blog\/#\/schema\/person\/bf9650334e6b7bae11aa3d92f2083038\"},\"description\":\"Proteja-se no inverno com os kits de vestu\u00e1rio de inverno da M&M Protek. EPI para frio, chuva e visibilidade, garantindo conforto e seguran\u00e7a.\",\"breadcrumb\":{\"@id\":\"https:\/\/www.mmprotek.pt\/blog\/vestuario-de-inverno-kits-completos-para-trabalhar-em-seguranca\/#breadcrumb\"},\"inLanguage\":\"pt-PT\",\"potentialAction\":[{\"@type\":\"ReadAction\",\"target\":[\"https:\/\/www.mmprotek.pt\/blog\/vestuario-de-inverno-kits-completos-para-trabalhar-em-seguranca\/\"]}]},{\"@type\":\"BreadcrumbList\",\"@id\":\"https:\/\/www.mmprotek.pt\/blog\/vestuario-de-inverno-kits-completos-para-trabalhar-em-seguranca\/#breadcrumb\",\"itemListElement\":[{\"@type\":\"ListItem\",\"position\":1,\"name\":\"In\u00edcio\",\"item\":\"https:\/\/www.mmprotek.pt\/blog\/\"},{\"@type\":\"ListItem\",\"position\":2,\"name\":\"Vestu\u00e1rio de inverno: kits completos para trabalhar em seguran\u00e7a\"}]},{\"@type\":\"Person\",\"@id\":\"https:\/\/www.mmprotek.pt\/blog\/#\/schema\/person\/bf9650334e6b7bae11aa3d92f2083038\",\"name\":\"3qinas\",\"image\":{\"@type\":\"ImageObject\",\"@id\":\"https:\/\/www.mmprotek.pt\/blog\/#personlogo\",\"inLanguage\":\"pt-PT\",\"url\":\"https:\/\/secure.gravatar.com\/avatar\/54ea39809078ec20064e947a97cd64ee?s=96&d=mm&r=g\",\"contentUrl\":\"https:\/\/secure.gravatar.com\/avatar\/54ea39809078ec20064e947a97cd64ee?s=96&d=mm&r=g\",\"caption\":\"3qinas\"},\"url\":\"https:\/\/www.mmprotek.pt\/blog\/author\/3qinas\/\"}]}<\/script>\n<!-- \/ Yoast SEO plugin. -->","yoast_head_json":{"title":"Vestu\u00e1rio de inverno: kits completos para trabalhar em seguran\u00e7a - M&amp;M Protek Blog - Tudo sobre Equipamentos Prote\u00e7\u00e3o Individual EPI&#039;s","description":"Proteja-se no inverno com os kits de vestu\u00e1rio de inverno da M&M Protek. EPI para frio, chuva e visibilidade, garantindo conforto e seguran\u00e7a.","robots":{"index":"index","follow":"follow","max-snippet":"max-snippet:-1","max-image-preview":"max-image-preview:large","max-video-preview":"max-video-preview:-1"},"canonical":"https:\/\/www.mmprotek.pt\/blog\/vestuario-de-inverno-kits-completos-para-trabalhar-em-seguranca\/","og_locale":"pt_PT","og_type":"article","og_title":"Vestu\u00e1rio de inverno: kits completos para trabalhar em seguran\u00e7a - M&amp;M Protek Blog - Tudo sobre Equipamentos Prote\u00e7\u00e3o Individual EPI&#039;s","og_description":"Proteja-se no inverno com os kits de vestu\u00e1rio de inverno da M&M Protek. EPI para frio, chuva e visibilidade, garantindo conforto e seguran\u00e7a.","og_url":"https:\/\/www.mmprotek.pt\/blog\/vestuario-de-inverno-kits-completos-para-trabalhar-em-seguranca\/","og_site_name":"M&amp;M Protek Blog - Tudo sobre Equipamentos Prote\u00e7\u00e3o Individual EPI&#039;s","article_publisher":"https:\/\/www.facebook.com\/mmprotek.protecao\/","article_published_time":"2026-01-12T14:56:08+00:00","article_modified_time":"2026-01-12T15:35:21+00:00","og_image":[{"width":768,"height":432,"url":"https:\/\/www.mmprotek.pt\/blog\/wp-content\/uploads\/2026\/01\/imagem-destaque-blog-janeiro.jpg","type":"image\/jpeg"}],"twitter_card":"summary","twitter_misc":{"Escrito por":"3qinas","Tempo estimado de leitura":"8 minutos"},"schema":{"@context":"https:\/\/schema.org","@graph":[{"@type":"WebSite","@id":"https:\/\/www.mmprotek.pt\/blog\/#website","url":"https:\/\/www.mmprotek.pt\/blog\/","name":"M&amp;M Protek Blog - Tudo sobre Equipamentos Prote\u00e7\u00e3o Individual EPI&#039;s","description":"Novidades e dicas sobre as melhores marcas de Equipamentos de Prote\u00e7\u00e3o Individual (EPI&#039;s), Vestu\u00e1rio de Trabalho e Sinaliza\u00e7\u00e3o de Seguran\u00e7a. Visite-nos!","potentialAction":[{"@type":"SearchAction","target":{"@type":"EntryPoint","urlTemplate":"https:\/\/www.mmprotek.pt\/blog\/?s={search_term_string}"},"query-input":"required name=search_term_string"}],"inLanguage":"pt-PT"},{"@type":"ImageObject","@id":"https:\/\/www.mmprotek.pt\/blog\/vestuario-de-inverno-kits-completos-para-trabalhar-em-seguranca\/#primaryimage","inLanguage":"pt-PT","url":"https:\/\/www.mmprotek.pt\/blog\/wp-content\/uploads\/2026\/01\/imagem-destaque-blog-janeiro.jpg","contentUrl":"https:\/\/www.mmprotek.pt\/blog\/wp-content\/uploads\/2026\/01\/imagem-destaque-blog-janeiro.jpg","width":768,"height":432},{"@type":"WebPage","@id":"https:\/\/www.mmprotek.pt\/blog\/vestuario-de-inverno-kits-completos-para-trabalhar-em-seguranca\/#webpage","url":"https:\/\/www.mmprotek.pt\/blog\/vestuario-de-inverno-kits-completos-para-trabalhar-em-seguranca\/","name":"Vestu\u00e1rio de inverno: kits completos para trabalhar em seguran\u00e7a - M&amp;M Protek Blog - Tudo sobre Equipamentos Prote\u00e7\u00e3o Individual EPI&#039;s","isPartOf":{"@id":"https:\/\/www.mmprotek.pt\/blog\/#website"},"primaryImageOfPage":{"@id":"https:\/\/www.mmprotek.pt\/blog\/vestuario-de-inverno-kits-completos-para-trabalhar-em-seguranca\/#primaryimage"},"datePublished":"2026-01-12T14:56:08+00:00","dateModified":"2026-01-12T15:35:21+00:00","author":{"@id":"https:\/\/www.mmprotek.pt\/blog\/#\/schema\/person\/bf9650334e6b7bae11aa3d92f2083038"},"description":"Proteja-se no inverno com os kits de vestu\u00e1rio de inverno da M&M Protek. EPI para frio, chuva e visibilidade, garantindo conforto e seguran\u00e7a.","breadcrumb":{"@id":"https:\/\/www.mmprotek.pt\/blog\/vestuario-de-inverno-kits-completos-para-trabalhar-em-seguranca\/#breadcrumb"},"inLanguage":"pt-PT","potentialAction":[{"@type":"ReadAction","target":["https:\/\/www.mmprotek.pt\/blog\/vestuario-de-inverno-kits-completos-para-trabalhar-em-seguranca\/"]}]},{"@type":"BreadcrumbList","@id":"https:\/\/www.mmprotek.pt\/blog\/vestuario-de-inverno-kits-completos-para-trabalhar-em-seguranca\/#breadcrumb","itemListElement":[{"@type":"ListItem","position":1,"name":"In\u00edcio","item":"https:\/\/www.mmprotek.pt\/blog\/"},{"@type":"ListItem","position":2,"name":"Vestu\u00e1rio de inverno: kits completos para trabalhar em seguran\u00e7a"}]},{"@type":"Person","@id":"https:\/\/www.mmprotek.pt\/blog\/#\/schema\/person\/bf9650334e6b7bae11aa3d92f2083038","name":"3qinas","image":{"@type":"ImageObject","@id":"https:\/\/www.mmprotek.pt\/blog\/#personlogo","inLanguage":"pt-PT","url":"https:\/\/secure.gravatar.com\/avatar\/54ea39809078ec20064e947a97cd64ee?s=96&d=mm&r=g","contentUrl":"https:\/\/secure.gravatar.com\/avatar\/54ea39809078ec20064e947a97cd64ee?s=96&d=mm&r=g","caption":"3qinas"},"url":"https:\/\/www.mmprotek.pt\/blog\/author\/3qinas\/"}]}},"_links":{"self":[{"href":"https:\/\/www.mmprotek.pt\/blog\/wp-json\/wp\/v2\/posts\/4209"}],"collection":[{"href":"https:\/\/www.mmprotek.pt\/blog\/wp-json\/wp\/v2\/posts"}],"about":[{"href":"https:\/\/www.mmprotek.pt\/blog\/wp-json\/wp\/v2\/types\/post"}],"author":[{"embeddable":true,"href":"https:\/\/www.mmprotek.pt\/blog\/wp-json\/wp\/v2\/users\/4"}],"replies":[{"embeddable":true,"href":"https:\/\/www.mmprotek.pt\/blog\/wp-json\/wp\/v2\/comments?post=4209"}],"version-history":[{"count":55,"href":"https:\/\/www.mmprotek.pt\/blog\/wp-json\/wp\/v2\/posts\/4209\/revisions"}],"predecessor-version":[{"id":4272,"href":"https:\/\/www.mmprotek.pt\/blog\/wp-json\/wp\/v2\/posts\/4209\/revisions\/4272"}],"wp:featuredmedia":[{"embeddable":true,"href":"https:\/\/www.mmprotek.pt\/blog\/wp-json\/wp\/v2\/media\/4225"}],"wp:attachment":[{"href":"https:\/\/www.mmprotek.pt\/blog\/wp-json\/wp\/v2\/media?parent=4209"}],"wp:term":[{"taxonomy":"category","embeddable":true,"href":"https:\/\/www.mmprotek.pt\/blog\/wp-json\/wp\/v2\/categories?post=4209"},{"taxonomy":"post_tag","embeddable":true,"href":"https:\/\/www.mmprotek.pt\/blog\/wp-json\/wp\/v2\/tags?post=4209"}],"curies":[{"name":"wp","href":"https:\/\/api.w.org\/{rel}","templated":true}]}}